{"id":335,"date":"2016-12-28T13:35:40","date_gmt":"2016-12-28T15:35:40","guid":{"rendered":"http:\/\/insights.certi.org.br\/?p=335"},"modified":"2025-08-13T19:05:56","modified_gmt":"2025-08-13T22:05:56","slug":"logistica-reversa-de-eletronicos","status":"publish","type":"post","link":"https:\/\/certi.org.br\/blog\/logistica-reversa-de-eletronicos\/","title":{"rendered":"Log\u00edstica reversa de eletr\u00f4nicos: Como a Certi pode ajudar sua empresa?"},"content":{"rendered":"<p><span style=\"font-weight: 400;\">A <\/span><b>log\u00edstica reversa de eletr\u00f4nicos<\/b><span style=\"font-weight: 400;\"> \u00e9 um assunto fundamental para o Brasil. <\/span><a href=\"http:\/\/g1.globo.com\/jornal-nacional\/noticia\/2015\/11\/brasil-descarta-por-ano-12-milhao-de-toneladas-de-lixo-eletroeletronico.html\"><span style=\"font-weight: 400;\">O pa\u00eds descarta por ano 1,2 milh\u00e3o de toneladas de lixo eletroeletr\u00f4nico<\/span><\/a><span style=\"font-weight: 400;\">. No ranking americano, ficamos atr\u00e1s apenas dos Estados Unidos. O mercado tamb\u00e9m \u00e9 bastante representativo, emprega mais de 180 mil pessoas e corresponde a 4,3% do PIB brasileiro, de acordo com a Associa\u00e7\u00e3o Brasileira da Ind\u00fastria El\u00e9trica e Eletr\u00f4nica (ABINEE). O problema desse avan\u00e7o \u00e9 a falta de pol\u00edticas para o descarte desses res\u00edduos. Desde 2010, quando surgiu a Pol\u00edtica Nacional de Res\u00edduos S\u00f3lidos (PNRS), h\u00e1 expectativa de mudan\u00e7a nesse cen\u00e1rio. Mas uma das principais ferramentas da lei, os acordos setoriais, na maioria dos casos ainda n\u00e3o estava sendo colocado em pr\u00e1tica. <\/span><\/p>\n<p><span style=\"font-weight: 400;\">Para o setor de eletroeletr\u00f4nicos, <\/span><a href=\"http:\/\/www.dci.com.br\/em-destaque\/-logistica-reversa-avanca-com--embalagens-e--eletroeletronicos-id557098.html\"><span style=\"font-weight: 400;\">h\u00e1 expectativa de que o acordo seja assinado dentro de um ano<\/span><\/a><span style=\"font-weight: 400;\">. O processo \u00e9 complexo e possui muitos envolvidos, mas \u00e9 urgente. Como se trata de res\u00edduo t\u00f3xico, se n\u00e3o houver destino adequado em breve precisaremos lidar com um problema gigante. A PNRS prev\u00ea a gest\u00e3o integrada entre governo, empresas e popula\u00e7\u00e3o. O grande desafio \u00e9 impulsionar o retorno dos produtos \u00e0s ind\u00fastrias ap\u00f3s o consumo, a <\/span><b>log\u00edstica reversa de eletr\u00f4nicos<\/b><span style=\"font-weight: 400;\">. <\/span><\/p>\n<h2><b>Log\u00edstica reversa de\u00a0eletr\u00f4nicos:<\/b><span style=\"font-weight: 400;\"> como a Certi pode ajudar?<\/span><\/h2>\n<p><span style=\"font-weight: 400;\">Para introduzir pr\u00e1ticas para a <\/span><b>log\u00edstica reversa de eletr\u00f4nicos <\/b><span style=\"font-weight: 400;\">\u00e9 necess\u00e1rio fazer a an\u00e1lise de viabilidade t\u00e9cnica e econ\u00f4mica. A CERTI elabora, em parceria com a empresa, um planejamento para a implanta\u00e7\u00e3o de um modelo de neg\u00f3cio que adeque a empresa \u00e0s exig\u00eancias legais adequando custos, investimentos e tecnologias envolvidas. Com o aux\u00edlio de um software pr\u00f3prio, \u00e9 feita uma an\u00e1lise que se divide-se, basicamente, em 4 etapas que descreveremos a seguir:<\/span><\/p>\n<h3><span style=\"font-weight: 400;\">Caracteriza\u00e7\u00e3o do problema<\/span><\/h3>\n<p><span style=\"font-weight: 400;\">A primeira etapa para a implanta\u00e7\u00e3o da <\/span><b>log\u00edstica reversa de eletr\u00f4nicos<\/b><span style=\"font-weight: 400;\"> \u00e9 caracterizar o problema e esclarecer quest\u00f5es referentes \u00e0 gest\u00e3o de res\u00edduos eletr\u00f4nicos frente \u00e0 realidade da empresa e \u00e0s legisla\u00e7\u00f5es vigentes. Al\u00e9m disso, realiza-se uma an\u00e1lise quantitativa dos res\u00edduos que dever\u00e3o ser geridos pela empresa. <\/span><\/p>\n<h3><span style=\"font-weight: 400;\">Contextualiza\u00e7\u00e3o<\/span><\/h3>\n<p><span style=\"font-weight: 400;\">Essa etapa da constru\u00e7\u00e3o do planejamento para implanta\u00e7\u00e3o da <\/span><b>log\u00edstica reversa de eletr\u00f4nicos <\/b><span style=\"font-weight: 400;\">consiste em atualizar o cliente sobre o contexto da \u00e1rea em rela\u00e7\u00e3o \u00e0s pr\u00e1ticas de log\u00edstica reversa de empresas do ramo, usinas recicladoras e cooperativas de reciclagem de eletr\u00f4nicos. <\/span><\/p>\n<h3><span style=\"font-weight: 400;\">An\u00e1lise tipol\u00f3gica <\/span><\/h3>\n<p><span style=\"font-weight: 400;\">Essa etapa consiste em analisar os produtos do cliente. S\u00e3o identificadas as subunidades e composi\u00e7\u00e3o qu\u00edmica para associa\u00e7\u00e3o \u00e0s tecnologias e processos de reciclagem dispon\u00edveis para os materiais identificados. <\/span><\/p>\n<h3><span style=\"font-weight: 400;\">Simula\u00e7\u00e3o<\/span><\/h3>\n<p><span style=\"font-weight: 400;\">Por fim, com os dados coletados nas etapas anteriores, as informa\u00e7\u00f5es s\u00e3o compiladas e tratadas pela ferramenta. Como trabalha com c\u00e1lculos j\u00e1 pr\u00e9-estabelecidos, ela \u00e9 capaz de apontar diversos cen\u00e1rios para implanta\u00e7\u00e3o da <\/span><b>log\u00edstica reversa de eletr\u00f4nicos. <\/b><span style=\"font-weight: 400;\">Observe no esquema abaixo:<\/span><\/p>\n<p>&nbsp;<\/p>\n<p><img fetchpriority=\"high\" decoding=\"async\" class=\"aligncenter wp-image-336 size-full\" src=\"http:\/\/insights.certi.org.br\/wp-content\/uploads\/2016\/12\/logistica-reversa-de-eletronicos.jpg\" width=\"532\" height=\"328\" \/><br \/>\n<span style=\"font-weight: 400;\">Ficou com alguma d\u00favida sobre a log\u00edstica reversa aplicada \u00e0 ind\u00fastria eletroeletr\u00f4nica? Escreva para n\u00f3s!<\/span><\/p>\n","protected":false},"excerpt":{"rendered":"<p>A log\u00edstica reversa de eletr\u00f4nicos \u00e9 um assunto fundamental para o Brasil. O pa\u00eds descarta por ano 1,2 milh\u00e3o de toneladas de lixo eletroeletr\u00f4nico. No ranking americano, ficamos atr\u00e1s apenas dos Estados Unidos. O mercado tamb\u00e9m \u00e9 bastante representativo, emprega mais de 180 mil pessoas e corresponde a 4,3% do PIB brasileiro, de acordo com [&hellip;]<\/p>\n","protected":false},"author":8,"featured_media":337,"comment_status":"open","ping_status":"open","sticky":false,"template":"","format":"standard","meta":{"inline_featured_image":false,"footnotes":""},"categories":[2,55,41],"tags":[18,42,25,31],"class_list":["post-335","post","type-post","status-publish","format-standard","has-post-thumbnail","hentry","category-artigos","category-gestao-da-integridade","category-industria-4-0","tag-automotivo","tag-eletroeletronico","tag-industria","tag-saude"],"yoast_head":"<!-- This site is optimized with the Yoast SEO plugin v27.4 - https:\/\/yoast.com\/product\/yoast-seo-wordpress\/ -->\n<title>Log\u00edstica reversa de eletr\u00f4nicos: Como a Certi pode ajudar sua empresa?<\/title>\n<meta name=\"description\" content=\"Veja como a funda\u00e7\u00e3o Certi pode ajudar sua empresa a implantar mecanismos para viabilizar a log\u00edstica reversa de eletr\u00f4nicos.\" \/>\n<meta name=\"robots\" content=\"index, follow, max-snippet:-1, max-image-preview:large, max-video-preview:-1\" \/>\n<link rel=\"canonical\" href=\"https:\/\/certi.org.br\/blog\/logistica-reversa-de-eletronicos\/\" \/>\n<meta property=\"og:locale\" content=\"en_US\" \/>\n<meta property=\"og:type\" content=\"article\" \/>\n<meta property=\"og:title\" content=\"Log\u00edstica reversa de eletr\u00f4nicos: Como a Certi pode ajudar sua empresa?\" \/>\n<meta property=\"og:description\" content=\"Veja como a funda\u00e7\u00e3o Certi pode ajudar sua empresa a implantar mecanismos para viabilizar a log\u00edstica reversa de eletr\u00f4nicos.\" \/>\n<meta property=\"og:url\" content=\"https:\/\/certi.org.br\/blog\/logistica-reversa-de-eletronicos\/\" \/>\n<meta property=\"og:site_name\" content=\"CERTI Insights\" \/>\n<meta property=\"article:publisher\" content=\"https:\/\/www.facebook.com\/FundacaoCerti\" \/>\n<meta property=\"article:published_time\" content=\"2016-12-28T15:35:40+00:00\" \/>\n<meta property=\"article:modified_time\" content=\"2025-08-13T22:05:56+00:00\" \/>\n<meta property=\"og:image\" content=\"https:\/\/certi.org.br\/blog\/wp-content\/uploads\/2016\/12\/log\u00edstica-reversa-de-eletr\u00f4nicos-1.jpg\" \/>\n\t<meta property=\"og:image:width\" content=\"5124\" \/>\n\t<meta property=\"og:image:height\" content=\"3079\" \/>\n\t<meta property=\"og:image:type\" content=\"image\/jpeg\" \/>\n<meta name=\"author\" content=\"Guilherme Valen\u00e7a Silva Rodrigues\" \/>\n<meta name=\"twitter:card\" content=\"summary_large_image\" \/>\n<meta name=\"twitter:creator\" content=\"@FundacaoCERTI\" \/>\n<meta name=\"twitter:site\" content=\"@FundacaoCERTI\" \/>\n<meta name=\"twitter:label1\" content=\"Written by\" \/>\n\t<meta name=\"twitter:data1\" content=\"Guilherme Valen\u00e7a Silva Rodrigues\" \/>\n\t<meta name=\"twitter:label2\" content=\"Est. reading time\" \/>\n\t<meta name=\"twitter:data2\" content=\"3 minutes\" \/>\n<script type=\"application\/ld+json\" class=\"yoast-schema-graph\">{\"@context\":\"https:\\\/\\\/schema.org\",\"@graph\":[{\"@type\":\"Article\",\"@id\":\"https:\\\/\\\/certi.org.br\\\/blog\\\/logistica-reversa-de-eletronicos\\\/#article\",\"isPartOf\":{\"@id\":\"https:\\\/\\\/certi.org.br\\\/blog\\\/logistica-reversa-de-eletronicos\\\/\"},\"author\":{\"name\":\"Guilherme Valen\u00e7a Silva Rodrigues\",\"@id\":\"https:\\\/\\\/certi.org.br\\\/blog\\\/en\\\/#\\\/schema\\\/person\\\/3cf7a9e44de5659768c6e8ee7da85740\"},\"headline\":\"Log\u00edstica reversa de eletr\u00f4nicos: Como a Certi pode ajudar sua empresa?\",\"datePublished\":\"2016-12-28T15:35:40+00:00\",\"dateModified\":\"2025-08-13T22:05:56+00:00\",\"mainEntityOfPage\":{\"@id\":\"https:\\\/\\\/certi.org.br\\\/blog\\\/logistica-reversa-de-eletronicos\\\/\"},\"wordCount\":540,\"commentCount\":0,\"publisher\":{\"@id\":\"https:\\\/\\\/certi.org.br\\\/blog\\\/en\\\/#organization\"},\"image\":{\"@id\":\"https:\\\/\\\/certi.org.br\\\/blog\\\/logistica-reversa-de-eletronicos\\\/#primaryimage\"},\"thumbnailUrl\":\"https:\\\/\\\/certi.org.br\\\/blog\\\/wp-content\\\/uploads\\\/2016\\\/12\\\/log\u00edstica-reversa-de-eletr\u00f4nicos-1.jpg\",\"keywords\":[\"Automotivo\",\"Eletroeletr\u00f4nico\",\"Ind\u00fastria\",\"Sa\u00fade\"],\"articleSection\":[\"Artigos\",\"Gest\u00e3o da Integridade\",\"Ind\u00fastria 4.0\"],\"inLanguage\":\"en-US\",\"potentialAction\":[{\"@type\":\"CommentAction\",\"name\":\"Comment\",\"target\":[\"https:\\\/\\\/certi.org.br\\\/blog\\\/logistica-reversa-de-eletronicos\\\/#respond\"]}]},{\"@type\":\"WebPage\",\"@id\":\"https:\\\/\\\/certi.org.br\\\/blog\\\/logistica-reversa-de-eletronicos\\\/\",\"url\":\"https:\\\/\\\/certi.org.br\\\/blog\\\/logistica-reversa-de-eletronicos\\\/\",\"name\":\"Log\u00edstica reversa de eletr\u00f4nicos: Como a Certi pode ajudar sua empresa?\",\"isPartOf\":{\"@id\":\"https:\\\/\\\/certi.org.br\\\/blog\\\/en\\\/#website\"},\"primaryImageOfPage\":{\"@id\":\"https:\\\/\\\/certi.org.br\\\/blog\\\/logistica-reversa-de-eletronicos\\\/#primaryimage\"},\"image\":{\"@id\":\"https:\\\/\\\/certi.org.br\\\/blog\\\/logistica-reversa-de-eletronicos\\\/#primaryimage\"},\"thumbnailUrl\":\"https:\\\/\\\/certi.org.br\\\/blog\\\/wp-content\\\/uploads\\\/2016\\\/12\\\/log\u00edstica-reversa-de-eletr\u00f4nicos-1.jpg\",\"datePublished\":\"2016-12-28T15:35:40+00:00\",\"dateModified\":\"2025-08-13T22:05:56+00:00\",\"description\":\"Veja como a funda\u00e7\u00e3o Certi pode ajudar sua empresa a implantar mecanismos para viabilizar a log\u00edstica reversa de eletr\u00f4nicos.\",\"breadcrumb\":{\"@id\":\"https:\\\/\\\/certi.org.br\\\/blog\\\/logistica-reversa-de-eletronicos\\\/#breadcrumb\"},\"inLanguage\":\"en-US\",\"potentialAction\":[{\"@type\":\"ReadAction\",\"target\":[\"https:\\\/\\\/certi.org.br\\\/blog\\\/logistica-reversa-de-eletronicos\\\/\"]}]},{\"@type\":\"ImageObject\",\"inLanguage\":\"en-US\",\"@id\":\"https:\\\/\\\/certi.org.br\\\/blog\\\/logistica-reversa-de-eletronicos\\\/#primaryimage\",\"url\":\"https:\\\/\\\/certi.org.br\\\/blog\\\/wp-content\\\/uploads\\\/2016\\\/12\\\/log\u00edstica-reversa-de-eletr\u00f4nicos-1.jpg\",\"contentUrl\":\"https:\\\/\\\/certi.org.br\\\/blog\\\/wp-content\\\/uploads\\\/2016\\\/12\\\/log\u00edstica-reversa-de-eletr\u00f4nicos-1.jpg\",\"width\":5124,\"height\":3079},{\"@type\":\"BreadcrumbList\",\"@id\":\"https:\\\/\\\/certi.org.br\\\/blog\\\/logistica-reversa-de-eletronicos\\\/#breadcrumb\",\"itemListElement\":[{\"@type\":\"ListItem\",\"position\":1,\"name\":\"In\u00edcio\",\"item\":\"https:\\\/\\\/certi.org.br\\\/blog\\\/\"},{\"@type\":\"ListItem\",\"position\":2,\"name\":\"Log\u00edstica reversa de eletr\u00f4nicos: Como a Certi pode ajudar sua empresa?\"}]},{\"@type\":\"WebSite\",\"@id\":\"https:\\\/\\\/certi.org.br\\\/blog\\\/en\\\/#website\",\"url\":\"https:\\\/\\\/certi.org.br\\\/blog\\\/en\\\/\",\"name\":\"CERTI Insights\",\"description\":\"\",\"publisher\":{\"@id\":\"https:\\\/\\\/certi.org.br\\\/blog\\\/en\\\/#organization\"},\"potentialAction\":[{\"@type\":\"SearchAction\",\"target\":{\"@type\":\"EntryPoint\",\"urlTemplate\":\"https:\\\/\\\/certi.org.br\\\/blog\\\/en\\\/?s={search_term_string}\"},\"query-input\":{\"@type\":\"PropertyValueSpecification\",\"valueRequired\":true,\"valueName\":\"search_term_string\"}}],\"inLanguage\":\"en-US\"},{\"@type\":\"Organization\",\"@id\":\"https:\\\/\\\/certi.org.br\\\/blog\\\/en\\\/#organization\",\"name\":\"Funda\u00e7\u00e3o CERTI\",\"url\":\"https:\\\/\\\/certi.org.br\\\/blog\\\/en\\\/\",\"logo\":{\"@type\":\"ImageObject\",\"inLanguage\":\"en-US\",\"@id\":\"https:\\\/\\\/certi.org.br\\\/blog\\\/en\\\/#\\\/schema\\\/logo\\\/image\\\/\",\"url\":\"https:\\\/\\\/certi.org.br\\\/blog\\\/wp-content\\\/uploads\\\/2019\\\/09\\\/certi-foundation.png\",\"contentUrl\":\"https:\\\/\\\/certi.org.br\\\/blog\\\/wp-content\\\/uploads\\\/2019\\\/09\\\/certi-foundation.png\",\"width\":240,\"height\":95,\"caption\":\"Funda\u00e7\u00e3o CERTI\"},\"image\":{\"@id\":\"https:\\\/\\\/certi.org.br\\\/blog\\\/en\\\/#\\\/schema\\\/logo\\\/image\\\/\"},\"sameAs\":[\"https:\\\/\\\/www.facebook.com\\\/FundacaoCerti\",\"https:\\\/\\\/x.com\\\/FundacaoCERTI\",\"https:\\\/\\\/www.instagram.com\\\/fundacaocerti\\\/\",\"https:\\\/\\\/www.linkedin.com\\\/company\\\/fundacao-certi\\\/\"]},{\"@type\":\"Person\",\"@id\":\"https:\\\/\\\/certi.org.br\\\/blog\\\/en\\\/#\\\/schema\\\/person\\\/3cf7a9e44de5659768c6e8ee7da85740\",\"name\":\"Guilherme Valen\u00e7a Silva Rodrigues\",\"description\":\"\u2022 Mais textos do autor\u00a0 \u00a0 \u2022 More texts by the author \u00a0 \u00a0 \u2022 Linkedin\",\"sameAs\":[\"https:\\\/\\\/www.linkedin.com\\\/in\\\/guilherme-rodrigues-428a2670\\\/\"],\"url\":\"https:\\\/\\\/certi.org.br\\\/blog\\\/author\\\/guilherme-rodrigues\\\/\"}]}<\/script>\n<!-- \/ Yoast SEO plugin. -->","yoast_head_json":{"title":"Log\u00edstica reversa de eletr\u00f4nicos: Como a Certi pode ajudar sua empresa?","description":"Veja como a funda\u00e7\u00e3o Certi pode ajudar sua empresa a implantar mecanismos para viabilizar a log\u00edstica reversa de eletr\u00f4nicos.","robots":{"index":"index","follow":"follow","max-snippet":"max-snippet:-1","max-image-preview":"max-image-preview:large","max-video-preview":"max-video-preview:-1"},"canonical":"https:\/\/certi.org.br\/blog\/logistica-reversa-de-eletronicos\/","og_locale":"en_US","og_type":"article","og_title":"Log\u00edstica reversa de eletr\u00f4nicos: Como a Certi pode ajudar sua empresa?","og_description":"Veja como a funda\u00e7\u00e3o Certi pode ajudar sua empresa a implantar mecanismos para viabilizar a log\u00edstica reversa de eletr\u00f4nicos.","og_url":"https:\/\/certi.org.br\/blog\/logistica-reversa-de-eletronicos\/","og_site_name":"CERTI Insights","article_publisher":"https:\/\/www.facebook.com\/FundacaoCerti","article_published_time":"2016-12-28T15:35:40+00:00","article_modified_time":"2025-08-13T22:05:56+00:00","og_image":[{"width":5124,"height":3079,"url":"https:\/\/certi.org.br\/blog\/wp-content\/uploads\/2016\/12\/log\u00edstica-reversa-de-eletr\u00f4nicos-1.jpg","type":"image\/jpeg"}],"author":"Guilherme Valen\u00e7a Silva Rodrigues","twitter_card":"summary_large_image","twitter_creator":"@FundacaoCERTI","twitter_site":"@FundacaoCERTI","twitter_misc":{"Written by":"Guilherme Valen\u00e7a Silva Rodrigues","Est. reading time":"3 minutes"},"schema":{"@context":"https:\/\/schema.org","@graph":[{"@type":"Article","@id":"https:\/\/certi.org.br\/blog\/logistica-reversa-de-eletronicos\/#article","isPartOf":{"@id":"https:\/\/certi.org.br\/blog\/logistica-reversa-de-eletronicos\/"},"author":{"name":"Guilherme Valen\u00e7a Silva Rodrigues","@id":"https:\/\/certi.org.br\/blog\/en\/#\/schema\/person\/3cf7a9e44de5659768c6e8ee7da85740"},"headline":"Log\u00edstica reversa de eletr\u00f4nicos: Como a Certi pode ajudar sua empresa?","datePublished":"2016-12-28T15:35:40+00:00","dateModified":"2025-08-13T22:05:56+00:00","mainEntityOfPage":{"@id":"https:\/\/certi.org.br\/blog\/logistica-reversa-de-eletronicos\/"},"wordCount":540,"commentCount":0,"publisher":{"@id":"https:\/\/certi.org.br\/blog\/en\/#organization"},"image":{"@id":"https:\/\/certi.org.br\/blog\/logistica-reversa-de-eletronicos\/#primaryimage"},"thumbnailUrl":"https:\/\/certi.org.br\/blog\/wp-content\/uploads\/2016\/12\/log\u00edstica-reversa-de-eletr\u00f4nicos-1.jpg","keywords":["Automotivo","Eletroeletr\u00f4nico","Ind\u00fastria","Sa\u00fade"],"articleSection":["Artigos","Gest\u00e3o da Integridade","Ind\u00fastria 4.0"],"inLanguage":"en-US","potentialAction":[{"@type":"CommentAction","name":"Comment","target":["https:\/\/certi.org.br\/blog\/logistica-reversa-de-eletronicos\/#respond"]}]},{"@type":"WebPage","@id":"https:\/\/certi.org.br\/blog\/logistica-reversa-de-eletronicos\/","url":"https:\/\/certi.org.br\/blog\/logistica-reversa-de-eletronicos\/","name":"Log\u00edstica reversa de eletr\u00f4nicos: Como a Certi pode ajudar sua empresa?","isPartOf":{"@id":"https:\/\/certi.org.br\/blog\/en\/#website"},"primaryImageOfPage":{"@id":"https:\/\/certi.org.br\/blog\/logistica-reversa-de-eletronicos\/#primaryimage"},"image":{"@id":"https:\/\/certi.org.br\/blog\/logistica-reversa-de-eletronicos\/#primaryimage"},"thumbnailUrl":"https:\/\/certi.org.br\/blog\/wp-content\/uploads\/2016\/12\/log\u00edstica-reversa-de-eletr\u00f4nicos-1.jpg","datePublished":"2016-12-28T15:35:40+00:00","dateModified":"2025-08-13T22:05:56+00:00","description":"Veja como a funda\u00e7\u00e3o Certi pode ajudar sua empresa a implantar mecanismos para viabilizar a log\u00edstica reversa de eletr\u00f4nicos.","breadcrumb":{"@id":"https:\/\/certi.org.br\/blog\/logistica-reversa-de-eletronicos\/#breadcrumb"},"inLanguage":"en-US","potentialAction":[{"@type":"ReadAction","target":["https:\/\/certi.org.br\/blog\/logistica-reversa-de-eletronicos\/"]}]},{"@type":"ImageObject","inLanguage":"en-US","@id":"https:\/\/certi.org.br\/blog\/logistica-reversa-de-eletronicos\/#primaryimage","url":"https:\/\/certi.org.br\/blog\/wp-content\/uploads\/2016\/12\/log\u00edstica-reversa-de-eletr\u00f4nicos-1.jpg","contentUrl":"https:\/\/certi.org.br\/blog\/wp-content\/uploads\/2016\/12\/log\u00edstica-reversa-de-eletr\u00f4nicos-1.jpg","width":5124,"height":3079},{"@type":"BreadcrumbList","@id":"https:\/\/certi.org.br\/blog\/logistica-reversa-de-eletronicos\/#breadcrumb","itemListElement":[{"@type":"ListItem","position":1,"name":"In\u00edcio","item":"https:\/\/certi.org.br\/blog\/"},{"@type":"ListItem","position":2,"name":"Log\u00edstica reversa de eletr\u00f4nicos: Como a Certi pode ajudar sua empresa?"}]},{"@type":"WebSite","@id":"https:\/\/certi.org.br\/blog\/en\/#website","url":"https:\/\/certi.org.br\/blog\/en\/","name":"CERTI Insights","description":"","publisher":{"@id":"https:\/\/certi.org.br\/blog\/en\/#organization"},"potentialAction":[{"@type":"SearchAction","target":{"@type":"EntryPoint","urlTemplate":"https:\/\/certi.org.br\/blog\/en\/?s={search_term_string}"},"query-input":{"@type":"PropertyValueSpecification","valueRequired":true,"valueName":"search_term_string"}}],"inLanguage":"en-US"},{"@type":"Organization","@id":"https:\/\/certi.org.br\/blog\/en\/#organization","name":"Funda\u00e7\u00e3o CERTI","url":"https:\/\/certi.org.br\/blog\/en\/","logo":{"@type":"ImageObject","inLanguage":"en-US","@id":"https:\/\/certi.org.br\/blog\/en\/#\/schema\/logo\/image\/","url":"https:\/\/certi.org.br\/blog\/wp-content\/uploads\/2019\/09\/certi-foundation.png","contentUrl":"https:\/\/certi.org.br\/blog\/wp-content\/uploads\/2019\/09\/certi-foundation.png","width":240,"height":95,"caption":"Funda\u00e7\u00e3o CERTI"},"image":{"@id":"https:\/\/certi.org.br\/blog\/en\/#\/schema\/logo\/image\/"},"sameAs":["https:\/\/www.facebook.com\/FundacaoCerti","https:\/\/x.com\/FundacaoCERTI","https:\/\/www.instagram.com\/fundacaocerti\/","https:\/\/www.linkedin.com\/company\/fundacao-certi\/"]},{"@type":"Person","@id":"https:\/\/certi.org.br\/blog\/en\/#\/schema\/person\/3cf7a9e44de5659768c6e8ee7da85740","name":"Guilherme Valen\u00e7a Silva Rodrigues","description":"\u2022 Mais textos do autor\u00a0 \u00a0 \u2022 More texts by the author \u00a0 \u00a0 \u2022 Linkedin","sameAs":["https:\/\/www.linkedin.com\/in\/guilherme-rodrigues-428a2670\/"],"url":"https:\/\/certi.org.br\/blog\/author\/guilherme-rodrigues\/"}]}},"amp_enabled":true,"_links":{"self":[{"href":"https:\/\/certi.org.br\/blog\/wp-json\/wp\/v2\/posts\/335","targetHints":{"allow":["GET"]}}],"collection":[{"href":"https:\/\/certi.org.br\/blog\/wp-json\/wp\/v2\/posts"}],"about":[{"href":"https:\/\/certi.org.br\/blog\/wp-json\/wp\/v2\/types\/post"}],"author":[{"embeddable":true,"href":"https:\/\/certi.org.br\/blog\/wp-json\/wp\/v2\/users\/8"}],"replies":[{"embeddable":true,"href":"https:\/\/certi.org.br\/blog\/wp-json\/wp\/v2\/comments?post=335"}],"version-history":[{"count":1,"href":"https:\/\/certi.org.br\/blog\/wp-json\/wp\/v2\/posts\/335\/revisions"}],"predecessor-version":[{"id":7974,"href":"https:\/\/certi.org.br\/blog\/wp-json\/wp\/v2\/posts\/335\/revisions\/7974"}],"wp:featuredmedia":[{"embeddable":true,"href":"https:\/\/certi.org.br\/blog\/wp-json\/wp\/v2\/media\/337"}],"wp:attachment":[{"href":"https:\/\/certi.org.br\/blog\/wp-json\/wp\/v2\/media?parent=335"}],"wp:term":[{"taxonomy":"category","embeddable":true,"href":"https:\/\/certi.org.br\/blog\/wp-json\/wp\/v2\/categories?post=335"},{"taxonomy":"post_tag","embeddable":true,"href":"https:\/\/certi.org.br\/blog\/wp-json\/wp\/v2\/tags?post=335"}],"curies":[{"name":"wp","href":"https:\/\/api.w.org\/{rel}","templated":true}]}}