{"id":3463,"date":"2021-03-10T15:39:38","date_gmt":"2021-03-10T18:39:38","guid":{"rendered":"https:\/\/certi.org.br\/blog\/?p=3463"},"modified":"2025-08-06T16:17:40","modified_gmt":"2025-08-06T19:17:40","slug":"realidade-virtual-e-aumentada-no-setor-de-energia","status":"publish","type":"post","link":"https:\/\/certi.org.br\/blog\/realidade-virtual-e-aumentada-no-setor-de-energia\/","title":{"rendered":"Aplica\u00e7\u00f5es da realidade virtual e aumentada no setor de energia el\u00e9trica"},"content":{"rendered":"\n<p>As redes de distribui\u00e7\u00e3o de energia el\u00e9trica s\u00e3o estruturas fundamentais em um centro urbano. \u00c9 s\u00f3 imaginarmos a quantidade de servi\u00e7os, ind\u00fastrias e atividades que movimentam a cidade e sua economia para repararmos na import\u00e2ncia de um sistema confi\u00e1vel e \u00edntegro.<\/p>\n\n\n\n<p>Com o aumento da concentra\u00e7\u00e3o populacional nas grandes cidades, as redes de distribui\u00e7\u00e3o correm o risco de se tornarem sobrecarregadas e pouco eficientes. E \u00e9 nesse contexto que a digitaliza\u00e7\u00e3o dos sistemas pode oferecer as sa\u00eddas necess\u00e1rias para oferecer um servi\u00e7o mais moderno, confi\u00e1vel, est\u00e1vel e sustent\u00e1vel.<\/p>\n\n\n\n<p>Neste post, veja o que se desenha no <a href=\"https:\/\/certi.org.br\/blog\/digitalizacao-da-rede-eletrica\/\" target=\"_blank\" rel=\"noreferrer noopener\">futuro do setor de energia el\u00e9trica<\/a> e quais s\u00e3o as principais aplica\u00e7\u00f5es da realidade virtual e aumentada neste segmento. Acompanhe!<\/p>\n\n\n\n<h2 class=\"wp-block-heading\">O futuro do setor de energia el\u00e9trica<\/h2>\n\n\n\n<p>A <a href=\"https:\/\/certi.org.br\/blog\/distribuicao-de-energia-eletrica\/\" target=\"_blank\" rel=\"noreferrer noopener\">digitaliza\u00e7\u00e3o da rede de distribui\u00e7\u00e3o de energia el\u00e9trica une um conjunto de tecnologias de ponta e sistemas<\/a> que buscam facilitar a gest\u00e3o da energia das grandes cidades. Sensores inteligentes, m\u00e1quinas, equipamentos e outros componentes ganham um novo papel, coletando e compartilhando dados em tempo real.<\/p>\n\n\n\n<p>Ao serem processadas com o aux\u00edlio de Intelig\u00eancia Artificial (IA) e outras tecnologias, essas informa\u00e7\u00f5es s\u00e3o transformadas em conhecimento para melhorar a <a href=\"https:\/\/certi.org.br\/blog\/servicos-urbanos-inteligentes\/\" target=\"_blank\" rel=\"noreferrer noopener\">qualidade dos servi\u00e7os prestados \u00e0 comunidade<\/a>. Esse avan\u00e7o permite \u00e0s empresas um controle muito maior sobre a gest\u00e3o do sistema, aumentando sua capacidade preditiva e agilizando a resposta a quaisquer tipos de eventos.<\/p>\n\n\n\n<p>Mas a digitaliza\u00e7\u00e3o da rede de distribui\u00e7\u00e3o de energia el\u00e9trica n\u00e3o se resume apenas a ferramentas para facilitar o gerenciamento do sistema. As novas tecnologias trazem benef\u00edcios tamb\u00e9m para as opera\u00e7\u00f5es de campo, fornecendo dados mais precisos para os t\u00e9cnicos, o que possibilita uma atua\u00e7\u00e3o muito mais preventiva do que corretiva.<\/p>\n\n\n\n<p>Al\u00e9m disso, todo o processo de treinamento dos profissionais que v\u00e3o a campo tamb\u00e9m passa por transforma\u00e7\u00f5es, e a capacita\u00e7\u00e3o dos trabalhadores se torna muito mais segura, assertiva e de melhor qualidade. Como resultado, as ocorr\u00eancias e manuten\u00e7\u00f5es s\u00e3o realizadas com mais precis\u00e3o e expertise.<\/p>\n\n\n\n<h2 class=\"wp-block-heading\">Aplica\u00e7\u00f5es da realidade virtual e aumentada no setor de energia el\u00e9trica<\/h2>\n\n\n\n<p>Para entendermos melhor as possibilidade e aplica\u00e7\u00f5es da realidade virtual e aumentada no setor de energia el\u00e9trica, vamos v\u00ea-las separadamente:<\/p>\n\n\n\n<h3 class=\"wp-block-heading\">Realidade Aumentada<\/h3>\n\n\n\n<p>A Realidade Aumentada (AR) permite a visualiza\u00e7\u00e3o de imagens sobrepostas ao ambiente real por meio das c\u00e2meras de smartphones e tablets ou dispositivos chamados de smartglasses, os quais podem ser acoplados nos capacetes dos t\u00e9cnicos para que a manuten\u00e7\u00e3o seja mais eficiente e segura.<\/p>\n\n\n\n<p>As equipes podem usar essa ferramenta em uma opera\u00e7\u00e3o de campo, tendo acesso a conte\u00fados relacionados \u00e0s atividades que est\u00e3o realizando. Esses conte\u00fados &#8211; diagramas, curvas de opera\u00e7\u00e3o, v\u00eddeos, procedimentos de seguran\u00e7a, manuais, entre outros &#8211; podem ser adaptados \u00e0s necessidades de cada eletricista. Assim, a AR tem o potencial de ajudar o t\u00e9cnico em servi\u00e7os como manuten\u00e7\u00e3o, comissionamento, prote\u00e7\u00e3o e opera\u00e7\u00e3o.<\/p>\n\n\n\n<p>Al\u00e9m disso, outro excelente exemplo \u00e9 o uso destas ferramentas para o aux\u00edlio na manuten\u00e7\u00e3o de medidores eletr\u00f4nicos. Desta forma podemos facilmente monitorar o consumo em tempo real. Esse monitoramento \u00e9 realizado a partir da leitura de um QR Code no frontal do medidor, o qual, ap\u00f3s sua leitura, fornecer\u00e1 \u00edcones interativos que mostram o status do consumidor e tamb\u00e9m do medidor.<\/p>\n\n\n\n<p>A Realidade Aumentada tamb\u00e9m pode atuar em conjunto com outros sistemas para fornecer uma representa\u00e7\u00e3o digital da rede. Esse desenvolvimento pode ser aplicado, por exemplo, a redes subterr\u00e2neas, que, por sua vez, podem ser compartilhadas com outras empresas prestadoras de servi\u00e7o e que utilizam a mesma infraestrutura, como g\u00e1s e telecomunica\u00e7\u00f5es.<\/p>\n\n\n\n<p>Outro benef\u00edcio da AR \u00e9 a possibilidade de Assist\u00eancia Remota, em que os servi\u00e7os s\u00e3o assistidos com intera\u00e7\u00e3o, em tempo real, por meio de smartphones ou smartglasses, ajudando coordenadores e supervisores com o gerenciamento de sua equipe. Essa intera\u00e7\u00e3o pode ser mostrada em tempo real para o eletricista de campo. Dessa forma, setas, c\u00edrculos, destaques e qualquer tipo de recurso visual podem ser mostrados com Realidade Aumentada.<\/p>\n\n\n\n<p>Sendo assim, alguns dos principais benef\u00edcios do uso da AR para as opera\u00e7\u00f5es de campo s\u00e3o:<\/p>\n\n\n\n<ul class=\"wp-block-list\">\n<li>Assist\u00eancia remota interativa;<\/li>\n\n\n\n<li>Avalia\u00e7\u00e3o do perfil para melhorar os servi\u00e7os de energia;<\/li>\n\n\n\n<li>Melhoria do monitoramento do supervisor e coordenador de sua equipe de campo;<\/li>\n\n\n\n<li>Melhoria nas solu\u00e7\u00f5es de conting\u00eancia;<\/li>\n\n\n\n<li>Menor n\u00famero de t\u00e9cnicos especializados em campo;<\/li>\n\n\n\n<li>Monitoramento e gerenciamento de consumo por meio das bandeiras tarif\u00e1rias e estudos do gerenciamento pelo lado da demanda (GLD);<\/li>\n\n\n\n<li>Planejamento de refor\u00e7os da rede com mais assertividade;<\/li>\n\n\n\n<li>Reconhecimento de perfil do consumidor em tempo real;<\/li>\n\n\n\n<li>Solu\u00e7\u00e3o de d\u00favidas mais r\u00e1pida;<\/li>\n\n\n\n<li>Solu\u00e7\u00e3o de problemas mais r\u00e1pida entre muitas medi\u00e7\u00f5es inteligentes.<\/li>\n<\/ul>\n\n\n\n<h3 class=\"wp-block-heading\">Realidade Virtual<\/h3>\n\n\n\n<p>Antes de ir a campo, todas as equipes passam por treinamentos em Realidade Virtual (VR). Trata-se de um sistema de computador, em que o usu\u00e1rio tem controle total e interativo sobre o ambiente virtual 3D em que \u00e9 imerso. Assim, treinamentos e procedimentos de risco podem ser realizados em uma situa\u00e7\u00e3o controlada e livre de perigos.<\/p>\n\n\n\n<p>Treinamentos de tarefas como a substitui\u00e7\u00e3o de disjuntores de alta voltagem, que costumam envolver uma s\u00e9rie de manuais e exerc\u00edcios pr\u00e1ticos ao longo de dias e com a presen\u00e7a de in\u00fameros profissionais, hoje podem ser feitos em apenas alguns minutos, em um ambiente virtual livre de riscos.<\/p>\n\n\n\n<p>Com a VR, o t\u00e9cnico pode repetir as tarefas quantas vezes achar necess\u00e1rio at\u00e9 que se chegue \u00e0 perfei\u00e7\u00e3o. Assim, com o aux\u00edlio dessa tecnologia, o profissional aprende a sequ\u00eancia correta das atividades que deve realizar em campo, aumentando a seguran\u00e7a durante os procedimentos no &#8220;mundo real&#8221;.<\/p>\n\n\n\n<p>Al\u00e9m disso, o trabalho dos supervisores tamb\u00e9m \u00e9 otimizado com a Realidade Virtual. Isso porque, al\u00e9m de n\u00e3o precisarem se afastar das suas atividades para se dedicar a dias e dias de treinamentos, eles passam a ter total controle sobre a situa\u00e7\u00e3o e realidade de cada t\u00e9cnico.<\/p>\n\n\n\n<p>Com o aux\u00edlio de sensores, \u00e9 poss\u00edvel monitorar o comportamento dos trabalhadores, ajudando a decidir quem est\u00e1 mais apto a realizar cada tipo de trabalho. Novamente, isso colabora para reduzir riscos e aumentar a seguran\u00e7a de todos os envolvidos na gest\u00e3o dos ativos do sistema.<\/p>\n\n\n\n<p>Sendo assim, os principais benef\u00edcios do uso da Realidade Virtual para as atividades de campo s\u00e3o:<\/p>\n\n\n\n<ul class=\"wp-block-list\">\n<li>Aprendizado ativo;<\/li>\n\n\n\n<li>Elimina\u00e7\u00e3o de uso de material escasso;<\/li>\n\n\n\n<li>Emiss\u00e3o de relat\u00f3rios de treinamento;<\/li>\n\n\n\n<li>Execu\u00e7\u00e3o de atividades complexas;<\/li>\n\n\n\n<li>Feedbacks em tempo real;<\/li>\n\n\n\n<li>Monitoramento de desenvolvimento e avalia\u00e7\u00e3o de desempenho;<\/li>\n\n\n\n<li>Opera\u00e7\u00e3o arriscada em ambiente controlado;<\/li>\n\n\n\n<li>Percep\u00e7\u00e3o de risco e incertezas da atividade;<\/li>\n\n\n\n<li>Possibilidade de avalia\u00e7\u00f5es psicossociais;<\/li>\n\n\n\n<li>Possibilidade de mudan\u00e7a de cen\u00e1rio;<\/li>\n\n\n\n<li>R\u00e1pido aumento da capacidade cognitiva dos usu\u00e1rios.<\/li>\n<\/ul>\n\n\n\n<p>Para saber mais sobre o assunto, continue acompanhando nossos textos no <a href=\"https:\/\/certi.org.br\/blog\/\" target=\"_blank\" rel=\"noreferrer noopener\">blog da CERTI<\/a> e, em caso de d\u00favida, entre em <a href=\"http:\/\/www.certi.org.br\/pt\/comunicacao-fale-conosco\" target=\"_blank\" rel=\"noreferrer noopener\">contato conosco<\/a>.<\/p>\n","protected":false},"excerpt":{"rendered":"<p>A digitaliza\u00e7\u00e3o da rede de distribui\u00e7\u00e3o de energia el\u00e9trica \u00e9 o futuro do setor. Solu\u00e7\u00f5es como Realidade Virtual e Aumentada mudam completamente a rotina dos profissionais que v\u00e3o a campo, permitindo opera\u00e7\u00f5es muito mais seguras e eficientes. Acompanhe tudo sobre o assunto em nosso artigo!<\/p>\n","protected":false},"author":44,"featured_media":3464,"comment_status":"open","ping_status":"open","sticky":false,"template":"","format":"standard","meta":{"inline_featured_image":false,"footnotes":""},"categories":[2,156,65,172],"tags":[23],"class_list":["post-3463","post","type-post","status-publish","format-standard","has-post-thumbnail","hentry","category-artigos","category-inteligencia-artificial","category-energia","category-visao-computacional","tag-energia"],"yoast_head":"<!-- This site is optimized with the Yoast SEO plugin v27.4 - https:\/\/yoast.com\/product\/yoast-seo-wordpress\/ -->\n<title>Usos da realidade virtual e aumentada no setor de energia<\/title>\n<meta name=\"description\" content=\"Veja qual ser\u00e1 o futuro do setor de energia el\u00e9trica e quais s\u00e3o as principais aplica\u00e7\u00f5es da realidade virtual e aumentada neste segmento.\" \/>\n<meta name=\"robots\" content=\"index, follow, max-snippet:-1, max-image-preview:large, max-video-preview:-1\" \/>\n<link rel=\"canonical\" href=\"https:\/\/certi.org.br\/blog\/realidade-virtual-e-aumentada-no-setor-de-energia\/\" \/>\n<meta property=\"og:locale\" content=\"en_US\" \/>\n<meta property=\"og:type\" content=\"article\" \/>\n<meta property=\"og:title\" content=\"Usos da realidade virtual e aumentada no setor de energia\" \/>\n<meta property=\"og:description\" content=\"Veja qual ser\u00e1 o futuro do setor de energia el\u00e9trica e quais s\u00e3o as principais aplica\u00e7\u00f5es da realidade virtual e aumentada neste segmento.\" \/>\n<meta property=\"og:url\" content=\"https:\/\/certi.org.br\/blog\/realidade-virtual-e-aumentada-no-setor-de-energia\/\" \/>\n<meta property=\"og:site_name\" content=\"CERTI Insights\" \/>\n<meta property=\"article:publisher\" content=\"https:\/\/www.facebook.com\/FundacaoCerti\" \/>\n<meta property=\"article:published_time\" content=\"2021-03-10T18:39:38+00:00\" \/>\n<meta property=\"article:modified_time\" content=\"2025-08-06T19:17:40+00:00\" \/>\n<meta property=\"og:image\" content=\"https:\/\/certi.org.br\/blog\/wp-content\/uploads\/2021\/03\/realidade-virtual-e-aumentada-no-setor-de-energia.jpg\" \/>\n\t<meta property=\"og:image:width\" content=\"1000\" \/>\n\t<meta property=\"og:image:height\" content=\"568\" \/>\n\t<meta property=\"og:image:type\" content=\"image\/jpeg\" \/>\n<meta name=\"author\" content=\"Marcos Izumida\" \/>\n<meta name=\"twitter:card\" content=\"summary_large_image\" \/>\n<meta name=\"twitter:creator\" content=\"@FundacaoCERTI\" \/>\n<meta name=\"twitter:site\" content=\"@FundacaoCERTI\" \/>\n<meta name=\"twitter:label1\" content=\"Written by\" \/>\n\t<meta name=\"twitter:data1\" content=\"Marcos Izumida\" \/>\n\t<meta name=\"twitter:label2\" content=\"Est. reading time\" \/>\n\t<meta name=\"twitter:data2\" content=\"7 minutes\" \/>\n<script type=\"application\/ld+json\" class=\"yoast-schema-graph\">{\"@context\":\"https:\\\/\\\/schema.org\",\"@graph\":[{\"@type\":\"Article\",\"@id\":\"https:\\\/\\\/certi.org.br\\\/blog\\\/realidade-virtual-e-aumentada-no-setor-de-energia\\\/#article\",\"isPartOf\":{\"@id\":\"https:\\\/\\\/certi.org.br\\\/blog\\\/realidade-virtual-e-aumentada-no-setor-de-energia\\\/\"},\"author\":{\"name\":\"Marcos Izumida\",\"@id\":\"https:\\\/\\\/certi.org.br\\\/blog\\\/en\\\/#\\\/schema\\\/person\\\/1fe50e5a902c21cd6224dccf7889ec25\"},\"headline\":\"Aplica\u00e7\u00f5es da realidade virtual e aumentada no setor de energia el\u00e9trica\",\"datePublished\":\"2021-03-10T18:39:38+00:00\",\"dateModified\":\"2025-08-06T19:17:40+00:00\",\"mainEntityOfPage\":{\"@id\":\"https:\\\/\\\/certi.org.br\\\/blog\\\/realidade-virtual-e-aumentada-no-setor-de-energia\\\/\"},\"wordCount\":1229,\"commentCount\":0,\"publisher\":{\"@id\":\"https:\\\/\\\/certi.org.br\\\/blog\\\/en\\\/#organization\"},\"image\":{\"@id\":\"https:\\\/\\\/certi.org.br\\\/blog\\\/realidade-virtual-e-aumentada-no-setor-de-energia\\\/#primaryimage\"},\"thumbnailUrl\":\"https:\\\/\\\/certi.org.br\\\/blog\\\/wp-content\\\/uploads\\\/2021\\\/03\\\/realidade-virtual-e-aumentada-no-setor-de-energia.jpg\",\"keywords\":[\"Energia\"],\"articleSection\":[\"Artigos\",\"Intelig\u00eancia Artificial\",\"Sistemas de Energia\",\"Vis\u00e3o Computacional\"],\"inLanguage\":\"en-US\",\"potentialAction\":[{\"@type\":\"CommentAction\",\"name\":\"Comment\",\"target\":[\"https:\\\/\\\/certi.org.br\\\/blog\\\/realidade-virtual-e-aumentada-no-setor-de-energia\\\/#respond\"]}]},{\"@type\":\"WebPage\",\"@id\":\"https:\\\/\\\/certi.org.br\\\/blog\\\/realidade-virtual-e-aumentada-no-setor-de-energia\\\/\",\"url\":\"https:\\\/\\\/certi.org.br\\\/blog\\\/realidade-virtual-e-aumentada-no-setor-de-energia\\\/\",\"name\":\"Usos da realidade virtual e aumentada no setor de energia\",\"isPartOf\":{\"@id\":\"https:\\\/\\\/certi.org.br\\\/blog\\\/en\\\/#website\"},\"primaryImageOfPage\":{\"@id\":\"https:\\\/\\\/certi.org.br\\\/blog\\\/realidade-virtual-e-aumentada-no-setor-de-energia\\\/#primaryimage\"},\"image\":{\"@id\":\"https:\\\/\\\/certi.org.br\\\/blog\\\/realidade-virtual-e-aumentada-no-setor-de-energia\\\/#primaryimage\"},\"thumbnailUrl\":\"https:\\\/\\\/certi.org.br\\\/blog\\\/wp-content\\\/uploads\\\/2021\\\/03\\\/realidade-virtual-e-aumentada-no-setor-de-energia.jpg\",\"datePublished\":\"2021-03-10T18:39:38+00:00\",\"dateModified\":\"2025-08-06T19:17:40+00:00\",\"description\":\"Veja qual ser\u00e1 o futuro do setor de energia el\u00e9trica e quais s\u00e3o as principais aplica\u00e7\u00f5es da realidade virtual e aumentada neste segmento.\",\"breadcrumb\":{\"@id\":\"https:\\\/\\\/certi.org.br\\\/blog\\\/realidade-virtual-e-aumentada-no-setor-de-energia\\\/#breadcrumb\"},\"inLanguage\":\"en-US\",\"potentialAction\":[{\"@type\":\"ReadAction\",\"target\":[\"https:\\\/\\\/certi.org.br\\\/blog\\\/realidade-virtual-e-aumentada-no-setor-de-energia\\\/\"]}]},{\"@type\":\"ImageObject\",\"inLanguage\":\"en-US\",\"@id\":\"https:\\\/\\\/certi.org.br\\\/blog\\\/realidade-virtual-e-aumentada-no-setor-de-energia\\\/#primaryimage\",\"url\":\"https:\\\/\\\/certi.org.br\\\/blog\\\/wp-content\\\/uploads\\\/2021\\\/03\\\/realidade-virtual-e-aumentada-no-setor-de-energia.jpg\",\"contentUrl\":\"https:\\\/\\\/certi.org.br\\\/blog\\\/wp-content\\\/uploads\\\/2021\\\/03\\\/realidade-virtual-e-aumentada-no-setor-de-energia.jpg\",\"width\":1000,\"height\":568,\"caption\":\"realidade-virtual-e-aumentada-no-setor-de-energia\"},{\"@type\":\"BreadcrumbList\",\"@id\":\"https:\\\/\\\/certi.org.br\\\/blog\\\/realidade-virtual-e-aumentada-no-setor-de-energia\\\/#breadcrumb\",\"itemListElement\":[{\"@type\":\"ListItem\",\"position\":1,\"name\":\"In\u00edcio\",\"item\":\"https:\\\/\\\/certi.org.br\\\/blog\\\/\"},{\"@type\":\"ListItem\",\"position\":2,\"name\":\"Aplica\u00e7\u00f5es da realidade virtual e aumentada no setor de energia el\u00e9trica\"}]},{\"@type\":\"WebSite\",\"@id\":\"https:\\\/\\\/certi.org.br\\\/blog\\\/en\\\/#website\",\"url\":\"https:\\\/\\\/certi.org.br\\\/blog\\\/en\\\/\",\"name\":\"CERTI Insights\",\"description\":\"\",\"publisher\":{\"@id\":\"https:\\\/\\\/certi.org.br\\\/blog\\\/en\\\/#organization\"},\"potentialAction\":[{\"@type\":\"SearchAction\",\"target\":{\"@type\":\"EntryPoint\",\"urlTemplate\":\"https:\\\/\\\/certi.org.br\\\/blog\\\/en\\\/?s={search_term_string}\"},\"query-input\":{\"@type\":\"PropertyValueSpecification\",\"valueRequired\":true,\"valueName\":\"search_term_string\"}}],\"inLanguage\":\"en-US\"},{\"@type\":\"Organization\",\"@id\":\"https:\\\/\\\/certi.org.br\\\/blog\\\/en\\\/#organization\",\"name\":\"Funda\u00e7\u00e3o CERTI\",\"url\":\"https:\\\/\\\/certi.org.br\\\/blog\\\/en\\\/\",\"logo\":{\"@type\":\"ImageObject\",\"inLanguage\":\"en-US\",\"@id\":\"https:\\\/\\\/certi.org.br\\\/blog\\\/en\\\/#\\\/schema\\\/logo\\\/image\\\/\",\"url\":\"https:\\\/\\\/certi.org.br\\\/blog\\\/wp-content\\\/uploads\\\/2019\\\/09\\\/certi-foundation.png\",\"contentUrl\":\"https:\\\/\\\/certi.org.br\\\/blog\\\/wp-content\\\/uploads\\\/2019\\\/09\\\/certi-foundation.png\",\"width\":240,\"height\":95,\"caption\":\"Funda\u00e7\u00e3o CERTI\"},\"image\":{\"@id\":\"https:\\\/\\\/certi.org.br\\\/blog\\\/en\\\/#\\\/schema\\\/logo\\\/image\\\/\"},\"sameAs\":[\"https:\\\/\\\/www.facebook.com\\\/FundacaoCerti\",\"https:\\\/\\\/x.com\\\/FundacaoCERTI\",\"https:\\\/\\\/www.instagram.com\\\/fundacaocerti\\\/\",\"https:\\\/\\\/www.linkedin.com\\\/company\\\/fundacao-certi\\\/\"]},{\"@type\":\"Person\",\"@id\":\"https:\\\/\\\/certi.org.br\\\/blog\\\/en\\\/#\\\/schema\\\/person\\\/1fe50e5a902c21cd6224dccf7889ec25\",\"name\":\"Marcos Izumida\",\"description\":\"\u2022 Mais textos do autor\u00a0 \u00a0 \u2022 Related Articles \u00a0 \u00a0 \u2022 Linkedin\",\"url\":\"https:\\\/\\\/certi.org.br\\\/blog\\\/author\\\/marcos-izumida\\\/\"}]}<\/script>\n<!-- \/ Yoast SEO plugin. -->","yoast_head_json":{"title":"Usos da realidade virtual e aumentada no setor de energia","description":"Veja qual ser\u00e1 o futuro do setor de energia el\u00e9trica e quais s\u00e3o as principais aplica\u00e7\u00f5es da realidade virtual e aumentada neste segmento.","robots":{"index":"index","follow":"follow","max-snippet":"max-snippet:-1","max-image-preview":"max-image-preview:large","max-video-preview":"max-video-preview:-1"},"canonical":"https:\/\/certi.org.br\/blog\/realidade-virtual-e-aumentada-no-setor-de-energia\/","og_locale":"en_US","og_type":"article","og_title":"Usos da realidade virtual e aumentada no setor de energia","og_description":"Veja qual ser\u00e1 o futuro do setor de energia el\u00e9trica e quais s\u00e3o as principais aplica\u00e7\u00f5es da realidade virtual e aumentada neste segmento.","og_url":"https:\/\/certi.org.br\/blog\/realidade-virtual-e-aumentada-no-setor-de-energia\/","og_site_name":"CERTI Insights","article_publisher":"https:\/\/www.facebook.com\/FundacaoCerti","article_published_time":"2021-03-10T18:39:38+00:00","article_modified_time":"2025-08-06T19:17:40+00:00","og_image":[{"width":1000,"height":568,"url":"https:\/\/certi.org.br\/blog\/wp-content\/uploads\/2021\/03\/realidade-virtual-e-aumentada-no-setor-de-energia.jpg","type":"image\/jpeg"}],"author":"Marcos Izumida","twitter_card":"summary_large_image","twitter_creator":"@FundacaoCERTI","twitter_site":"@FundacaoCERTI","twitter_misc":{"Written by":"Marcos Izumida","Est. reading time":"7 minutes"},"schema":{"@context":"https:\/\/schema.org","@graph":[{"@type":"Article","@id":"https:\/\/certi.org.br\/blog\/realidade-virtual-e-aumentada-no-setor-de-energia\/#article","isPartOf":{"@id":"https:\/\/certi.org.br\/blog\/realidade-virtual-e-aumentada-no-setor-de-energia\/"},"author":{"name":"Marcos Izumida","@id":"https:\/\/certi.org.br\/blog\/en\/#\/schema\/person\/1fe50e5a902c21cd6224dccf7889ec25"},"headline":"Aplica\u00e7\u00f5es da realidade virtual e aumentada no setor de energia el\u00e9trica","datePublished":"2021-03-10T18:39:38+00:00","dateModified":"2025-08-06T19:17:40+00:00","mainEntityOfPage":{"@id":"https:\/\/certi.org.br\/blog\/realidade-virtual-e-aumentada-no-setor-de-energia\/"},"wordCount":1229,"commentCount":0,"publisher":{"@id":"https:\/\/certi.org.br\/blog\/en\/#organization"},"image":{"@id":"https:\/\/certi.org.br\/blog\/realidade-virtual-e-aumentada-no-setor-de-energia\/#primaryimage"},"thumbnailUrl":"https:\/\/certi.org.br\/blog\/wp-content\/uploads\/2021\/03\/realidade-virtual-e-aumentada-no-setor-de-energia.jpg","keywords":["Energia"],"articleSection":["Artigos","Intelig\u00eancia Artificial","Sistemas de Energia","Vis\u00e3o Computacional"],"inLanguage":"en-US","potentialAction":[{"@type":"CommentAction","name":"Comment","target":["https:\/\/certi.org.br\/blog\/realidade-virtual-e-aumentada-no-setor-de-energia\/#respond"]}]},{"@type":"WebPage","@id":"https:\/\/certi.org.br\/blog\/realidade-virtual-e-aumentada-no-setor-de-energia\/","url":"https:\/\/certi.org.br\/blog\/realidade-virtual-e-aumentada-no-setor-de-energia\/","name":"Usos da realidade virtual e aumentada no setor de energia","isPartOf":{"@id":"https:\/\/certi.org.br\/blog\/en\/#website"},"primaryImageOfPage":{"@id":"https:\/\/certi.org.br\/blog\/realidade-virtual-e-aumentada-no-setor-de-energia\/#primaryimage"},"image":{"@id":"https:\/\/certi.org.br\/blog\/realidade-virtual-e-aumentada-no-setor-de-energia\/#primaryimage"},"thumbnailUrl":"https:\/\/certi.org.br\/blog\/wp-content\/uploads\/2021\/03\/realidade-virtual-e-aumentada-no-setor-de-energia.jpg","datePublished":"2021-03-10T18:39:38+00:00","dateModified":"2025-08-06T19:17:40+00:00","description":"Veja qual ser\u00e1 o futuro do setor de energia el\u00e9trica e quais s\u00e3o as principais aplica\u00e7\u00f5es da realidade virtual e aumentada neste segmento.","breadcrumb":{"@id":"https:\/\/certi.org.br\/blog\/realidade-virtual-e-aumentada-no-setor-de-energia\/#breadcrumb"},"inLanguage":"en-US","potentialAction":[{"@type":"ReadAction","target":["https:\/\/certi.org.br\/blog\/realidade-virtual-e-aumentada-no-setor-de-energia\/"]}]},{"@type":"ImageObject","inLanguage":"en-US","@id":"https:\/\/certi.org.br\/blog\/realidade-virtual-e-aumentada-no-setor-de-energia\/#primaryimage","url":"https:\/\/certi.org.br\/blog\/wp-content\/uploads\/2021\/03\/realidade-virtual-e-aumentada-no-setor-de-energia.jpg","contentUrl":"https:\/\/certi.org.br\/blog\/wp-content\/uploads\/2021\/03\/realidade-virtual-e-aumentada-no-setor-de-energia.jpg","width":1000,"height":568,"caption":"realidade-virtual-e-aumentada-no-setor-de-energia"},{"@type":"BreadcrumbList","@id":"https:\/\/certi.org.br\/blog\/realidade-virtual-e-aumentada-no-setor-de-energia\/#breadcrumb","itemListElement":[{"@type":"ListItem","position":1,"name":"In\u00edcio","item":"https:\/\/certi.org.br\/blog\/"},{"@type":"ListItem","position":2,"name":"Aplica\u00e7\u00f5es da realidade virtual e aumentada no setor de energia el\u00e9trica"}]},{"@type":"WebSite","@id":"https:\/\/certi.org.br\/blog\/en\/#website","url":"https:\/\/certi.org.br\/blog\/en\/","name":"CERTI Insights","description":"","publisher":{"@id":"https:\/\/certi.org.br\/blog\/en\/#organization"},"potentialAction":[{"@type":"SearchAction","target":{"@type":"EntryPoint","urlTemplate":"https:\/\/certi.org.br\/blog\/en\/?s={search_term_string}"},"query-input":{"@type":"PropertyValueSpecification","valueRequired":true,"valueName":"search_term_string"}}],"inLanguage":"en-US"},{"@type":"Organization","@id":"https:\/\/certi.org.br\/blog\/en\/#organization","name":"Funda\u00e7\u00e3o CERTI","url":"https:\/\/certi.org.br\/blog\/en\/","logo":{"@type":"ImageObject","inLanguage":"en-US","@id":"https:\/\/certi.org.br\/blog\/en\/#\/schema\/logo\/image\/","url":"https:\/\/certi.org.br\/blog\/wp-content\/uploads\/2019\/09\/certi-foundation.png","contentUrl":"https:\/\/certi.org.br\/blog\/wp-content\/uploads\/2019\/09\/certi-foundation.png","width":240,"height":95,"caption":"Funda\u00e7\u00e3o CERTI"},"image":{"@id":"https:\/\/certi.org.br\/blog\/en\/#\/schema\/logo\/image\/"},"sameAs":["https:\/\/www.facebook.com\/FundacaoCerti","https:\/\/x.com\/FundacaoCERTI","https:\/\/www.instagram.com\/fundacaocerti\/","https:\/\/www.linkedin.com\/company\/fundacao-certi\/"]},{"@type":"Person","@id":"https:\/\/certi.org.br\/blog\/en\/#\/schema\/person\/1fe50e5a902c21cd6224dccf7889ec25","name":"Marcos Izumida","description":"\u2022 Mais textos do autor\u00a0 \u00a0 \u2022 Related Articles \u00a0 \u00a0 \u2022 Linkedin","url":"https:\/\/certi.org.br\/blog\/author\/marcos-izumida\/"}]}},"amp_enabled":true,"_links":{"self":[{"href":"https:\/\/certi.org.br\/blog\/wp-json\/wp\/v2\/posts\/3463","targetHints":{"allow":["GET"]}}],"collection":[{"href":"https:\/\/certi.org.br\/blog\/wp-json\/wp\/v2\/posts"}],"about":[{"href":"https:\/\/certi.org.br\/blog\/wp-json\/wp\/v2\/types\/post"}],"author":[{"embeddable":true,"href":"https:\/\/certi.org.br\/blog\/wp-json\/wp\/v2\/users\/44"}],"replies":[{"embeddable":true,"href":"https:\/\/certi.org.br\/blog\/wp-json\/wp\/v2\/comments?post=3463"}],"version-history":[{"count":1,"href":"https:\/\/certi.org.br\/blog\/wp-json\/wp\/v2\/posts\/3463\/revisions"}],"predecessor-version":[{"id":7806,"href":"https:\/\/certi.org.br\/blog\/wp-json\/wp\/v2\/posts\/3463\/revisions\/7806"}],"wp:featuredmedia":[{"embeddable":true,"href":"https:\/\/certi.org.br\/blog\/wp-json\/wp\/v2\/media\/3464"}],"wp:attachment":[{"href":"https:\/\/certi.org.br\/blog\/wp-json\/wp\/v2\/media?parent=3463"}],"wp:term":[{"taxonomy":"category","embeddable":true,"href":"https:\/\/certi.org.br\/blog\/wp-json\/wp\/v2\/categories?post=3463"},{"taxonomy":"post_tag","embeddable":true,"href":"https:\/\/certi.org.br\/blog\/wp-json\/wp\/v2\/tags?post=3463"}],"curies":[{"name":"wp","href":"https:\/\/api.w.org\/{rel}","templated":true}]}}