{"id":4799,"date":"2022-05-02T17:17:03","date_gmt":"2022-05-02T20:17:03","guid":{"rendered":"https:\/\/certi.org.br\/blog\/?p=4799"},"modified":"2025-08-06T17:45:23","modified_gmt":"2025-08-06T20:45:23","slug":"comercializador-varejista-de-energia","status":"publish","type":"post","link":"https:\/\/certi.org.br\/blog\/comercializador-varejista-de-energia\/","title":{"rendered":"Comercializador varejista de energia: qual \u00e9 seu papel e perspectivas do mercado"},"content":{"rendered":"\n<p>A abertura do mercado de energia brasileiro para novos perfis de consumidores t\u00eam impulsionado a entrada de novos agentes e a demanda por novas solu\u00e7\u00f5es. Com mais pessoas e empresas migrando para esse mercado, \u00e9 preciso contar com processos mais facilitados e transparentes.<\/p>\n\n\n\n<p>A seguir, entenda mais sobre o papel do comercializador varejista de energia, as ferramentas utilizadas para otimizar a gest\u00e3o da energia e como as plantas virtuais podem ajudar.&nbsp;<\/p>\n\n\n\n<h2 class=\"wp-block-heading\">O papel das comercializadoras varejista de energia<\/h2>\n\n\n\n<p>Com a abertura do mercado de energia no Brasil, novos players come\u00e7am a surgir no mercado e, entre eles, est\u00e1 o comercializador varejista. Essas empresas representam os consumidores e geradores que decidem migrar para o mercado livre de energia.<\/p>\n\n\n\n<p>Importante notar que, para entrar no chamado Mercado Livre de Energia existem dois caminhos: associar-se \u00e0 C\u00e2mara de Comercializa\u00e7\u00e3o de Energia El\u00e9trica (CCEE) ou contratar um comercializador varejista.<\/p>\n\n\n\n<p>Embora a figura do comercializador varejista de energia tenha sido criada ainda em 2013, sua import\u00e2ncia cresce \u00e0 medida que abre-se a possibilidade para que mais pessoas e empresas migram para o ambiente de contrata\u00e7\u00e3o livre (ACL).<\/p>\n\n\n\n<p>Vale destacar que a legisla\u00e7\u00e3o prev\u00ea uma abrang\u00eancia cada vez maior e espera-se que at\u00e9 2024 atinja clientes residenciais. Com isso, teremos uma explos\u00e3o no n\u00famero de consumidores, criando um mercado mais pulverizado e complexo.<\/p>\n\n\n\n<h3 class=\"wp-block-heading\">Atua\u00e7\u00e3o no ambiente de contrata\u00e7\u00e3o livre (ACL)<\/h3>\n\n\n\n<p>E s\u00e3o justamente essas empresas que v\u00e3o lidar diretamente com a maior parte desses novos consumidores, que v\u00e3o entrar nesse mercado em busca de contratos mais vantajosos e tarifas mais atraentes.&nbsp;<\/p>\n\n\n\n<p>Cabe a esses comercializadores auxiliar na migra\u00e7\u00e3o desses clientes para o ACL e realizar toda a gest\u00e3o operacional, incluindo medi\u00e7\u00e3o, pagamento, entre outras atividades.<\/p>\n\n\n\n<p>Sendo assim, o comercializador varejista de energia ser\u00e1 uma figura importante para desburocratizar o acesso ao mercado livre e reduzir os riscos financeiros a que esses consumidores est\u00e3o expostos.<\/p>\n\n\n\n<p>Isso porque seu papel \u00e9 justamente evitar que o cliente final precise fazer a ades\u00e3o por conta pr\u00f3pria, servindo como elo no mercado e os auxiliando a encontrar a op\u00e7\u00e3o mais adequada a seu perfil de consumo.<\/p>\n\n\n\n<p>Essa \u00e9 uma diferen\u00e7a fundamental para o mercado atacadista de energia, em que o contratante deve, diretamente, associar-se \u00e0 CCEE e tornar-se um agente. Ou seja, todas as suas obriga\u00e7\u00f5es com a C\u00e2mara de Comercializa\u00e7\u00e3o de Energia El\u00e9trica s\u00e3o prestadas diretamente. Ao contr\u00e1rio do que acontece com os varejistas, em que o agente presta conta ao seus clientes. Al\u00e9m disso, h\u00e1 diferen\u00e7as desde a forma de tributa\u00e7\u00e3o \u00e0s poss\u00edveis penalidades.<\/p>\n\n\n\n<p>Isso traz uma maior exposi\u00e7\u00e3o a riscos e, por isso, o mercado atacadista \u00e9 um modelo mais utilizado por empresas de grande porte, especialmente aquelas com experi\u00eancia no Mercado Livre de Energia.<\/p>\n\n\n\n<h2 class=\"wp-block-heading\">Ferramentas de gerenciamento e otimiza\u00e7\u00e3o de comercializa\u00e7\u00e3o de contratos de energia<\/h2>\n\n\n\n<p>Para auxiliar no trabalho de an\u00e1lise e agrega\u00e7\u00e3o de consumidores, o comercializador varejista de energia pode contar com o aux\u00edlio de uma Planta Virtual de Energia (Virtual Power Plant &#8211; VPP) comercial.<\/p>\n\n\n\n<p>Trata-se de um software que agrega unidades consumidoras a fim de formar portf\u00f3lios \u00f3timos, gerenciando os perfis cont\u00e1beis de modo a assegurar a otimiza\u00e7\u00e3o dos recursos e dos contratos de acordo com o perfil e a necessidade de cada cliente.<\/p>\n\n\n\n<p>Novamente, o objetivo \u00e9 reduzir custos e a exposi\u00e7\u00e3o a riscos, al\u00e9m de potencializar novos modelos e oportunidades de neg\u00f3cio no mercado energ\u00e9tico brasileiro.<\/p>\n\n\n\n<p>J\u00e1 utilizado diversos pa\u00edses da Europa, bem como os Estados Unidos e a China, VPPs comerciais auxiliam a tomada de decis\u00e3o de diversos players do mercado de energia.<\/p>\n\n\n\n<p>O sistema tamb\u00e9m possibilita a troca de excedentes de energia entre os consumidores da rede e at\u00e9 mesmo a escolha da fonte energ\u00e9tica (renov\u00e1vel ou n\u00e3o), tornando o mercado mais aberto, competitivo e sustent\u00e1vel.<\/p>\n\n\n\n<h2 class=\"wp-block-heading\">Virtual Power Plant &#8211; VPP: como funciona e quais as vantagens<\/h2>\n\n\n\n<p>Como vimos, VPP \u00e9 um software de recomenda\u00e7\u00e3o de contratos de energia, gerenciando o portf\u00f3lio para os comercializadores. Vamos ver a seguir algumas das possibilidades dessa ferramenta.&nbsp;<\/p>\n\n\n\n<h3 class=\"wp-block-heading\">Gest\u00e3o de contratos energia<\/h3>\n\n\n\n<p>Hoje, existem algumas brechas na legisla\u00e7\u00e3o que permitem que certos consumidores se unam &#8211; grandes consumidores &#8211; para fazer contratos em conjunto. Isso faz com que eles consigam uma s\u00e9rie de vantagens, incluindo melhores taxas, uma vez que est\u00e3o fazendo um contrato maior.<\/p>\n\n\n\n<p>O que acontece \u00e9 que, atualmente, no mercado, os contratos que n\u00e3o preveem uma grande volatilidade no consumo, que se mant\u00e9m mais est\u00e1veis ao longo do m\u00eas, s\u00e3o denominados \u201ccontratos flat\u201d e costumam ser mais baratos.<\/p>\n\n\n\n<p>Assim, quando h\u00e1 consumidores com curvas de carga complementares &#8211; enquanto um consome mais, o outro consome menos, por exemplo &#8211; eles podem se agregar no mesmo contrato e, assim, reduzir sua exposi\u00e7\u00e3o ao risco de ter que recorrer ao mercado de curto prazo, que costuma carregar mais incertezas.<\/p>\n\n\n\n<p>A ferramenta VPP usa da ideia de agrega\u00e7\u00e3o das unidades consumidoras geridas por ela, analisando o consumo de cada uma delas e fazendo recomenda\u00e7\u00f5es dos contratos mais vantajosos. Com isso, ela se mostra altamente ben\u00e9fica para essas unidades consumidoras que optam por esse modelo.<\/p>\n\n\n\n<h3 class=\"wp-block-heading\">Energia convencional e incentivada<\/h3>\n\n\n\n<p>Nesse contexto, vale lembrar, ainda, que h\u00e1 dois tipos de energia: a convencional e a incentivada. A energia incentivada \u00e9 aquela gerada a partir de fontes renov\u00e1veis, como a fotovoltaica. Atualmente, trata-se de uma energia mais cara do que a convencional.<\/p>\n\n\n\n<p>Ao utilizar a energia incentivada, o consumidor recebe um desconto na tarifa do uso do sistema de distribui\u00e7\u00e3o. Esse desconto pode variar de 50% a 100%. A VPP atua tamb\u00e9m nesse aspecto, indicando qual energia &#8211; incentivada ou convencional &#8211; vale mais a pena para cada grupo de consumidores.<\/p>\n\n\n\n<h3 class=\"wp-block-heading\">Perspectivas para players agregadores<\/h3>\n\n\n\n<p>Por fim, destaca-se que, hoje, na pr\u00e1tica, a VPP comercial j\u00e1 \u00e9 poss\u00edvel na figura do comercializador varejista de energia. Futuramente, por\u00e9m, o mercado contar\u00e1 com players espec\u00edficos de agrega\u00e7\u00e3o, capazes de trazer mais vantagens para os clientes.<\/p>\n\n\n\n<h2 class=\"wp-block-heading\">Solu\u00e7\u00e3o para gest\u00e3o de recursos energ\u00e9ticos<\/h2>\n\n\n\n<p>Em parceria com a Funda\u00e7\u00e3o CERTI, a AES Brasil desenvolveu a primeira Planta Virtual de Energia do Brasil.<\/p>\n\n\n\n<p>O software permite a gest\u00e3o e a agrega\u00e7\u00e3o das cargas dos clientes da AES no Pa\u00eds, trazendo mais transpar\u00eancia e simplicidade na gest\u00e3o dos recursos energ\u00e9ticos e para a gera\u00e7\u00e3o de novas oportunidades.<\/p>\n\n\n\n<p>Isso \u00e9 poss\u00edvel porque a ferramenta permite acesso em tempo real aos dados sobre consumo, tarifas, pre\u00e7os, entre outros. Como isso, quem est\u00e1 dentro da plataforma conta com mais flexibilidade e informa\u00e7\u00f5es para fazer as melhores escolhas. O mercado livre de energia tem o potencial para trazer grandes melhorias para pessoas e empresas do Pa\u00eds. Para ficar por dentro das novidades do setor, continue acompanhando o <a href=\"https:\/\/certi.org.br\/blog\/\" target=\"_blank\" rel=\"noreferrer noopener\">blog da Certi<\/a>!<\/p>\n","protected":false},"excerpt":{"rendered":"<p>Com a perspectiva da entrada de mais consumidores no mercado livre para os pr\u00f3ximos anos no Brasil, cresce a demanda por solu\u00e7\u00f5es que facilitem a migra\u00e7\u00e3o dessas pessoas e empresas. Os comercializadores varejistas de energia t\u00eam um importante papel de reduzir a burocracia e facilitar o acesso ao ACL. Em nosso artigo, entenda mais sobre o papel dessas empresas e como as VPPs podem ajudar.<\/p>\n","protected":false},"author":60,"featured_media":4804,"comment_status":"open","ping_status":"open","sticky":false,"template":"","format":"standard","meta":{"inline_featured_image":false,"footnotes":""},"categories":[2,65,171],"tags":[42,23],"class_list":["post-4799","post","type-post","status-publish","format-standard","has-post-thumbnail","hentry","category-artigos","category-energia","category-software","tag-eletroeletronico","tag-energia"],"yoast_head":"<!-- This site is optimized with the Yoast SEO plugin v27.4 - https:\/\/yoast.com\/product\/yoast-seo-wordpress\/ -->\n<title>Comercializador varejista de energia: qual papel e perspectiva do mercado<\/title>\n<meta name=\"description\" content=\"Entenda mais sobre o papel do comercializador varejista de energia, ferramentas por elas utilizadas e como as plantas virtuais podem ajudar.\" \/>\n<meta name=\"robots\" content=\"index, follow, max-snippet:-1, max-image-preview:large, max-video-preview:-1\" \/>\n<link rel=\"canonical\" href=\"https:\/\/certi.org.br\/blog\/comercializador-varejista-de-energia\/\" \/>\n<meta property=\"og:locale\" content=\"en_US\" \/>\n<meta property=\"og:type\" content=\"article\" \/>\n<meta property=\"og:title\" content=\"Comercializador varejista de energia: qual papel e perspectiva do mercado\" \/>\n<meta property=\"og:description\" content=\"Entenda mais sobre o papel do comercializador varejista de energia, ferramentas por elas utilizadas e como as plantas virtuais podem ajudar.\" \/>\n<meta property=\"og:url\" content=\"https:\/\/certi.org.br\/blog\/comercializador-varejista-de-energia\/\" \/>\n<meta property=\"og:site_name\" content=\"CERTI Insights\" \/>\n<meta property=\"article:publisher\" content=\"https:\/\/www.facebook.com\/FundacaoCerti\" \/>\n<meta property=\"article:published_time\" content=\"2022-05-02T20:17:03+00:00\" \/>\n<meta property=\"article:modified_time\" content=\"2025-08-06T20:45:23+00:00\" \/>\n<meta property=\"og:image\" content=\"https:\/\/certi.org.br\/blog\/wp-content\/uploads\/2022\/05\/comercializador-varejista-de-energia.png\" \/>\n\t<meta property=\"og:image:width\" content=\"863\" \/>\n\t<meta property=\"og:image:height\" content=\"524\" \/>\n\t<meta property=\"og:image:type\" content=\"image\/png\" \/>\n<meta name=\"author\" content=\"Isla Almeida Oliveira\" \/>\n<meta name=\"twitter:card\" content=\"summary_large_image\" \/>\n<meta name=\"twitter:creator\" content=\"@FundacaoCERTI\" \/>\n<meta name=\"twitter:site\" content=\"@FundacaoCERTI\" \/>\n<meta name=\"twitter:label1\" content=\"Written by\" \/>\n\t<meta name=\"twitter:data1\" content=\"Isla Almeida Oliveira\" \/>\n\t<meta name=\"twitter:label2\" content=\"Est. reading time\" \/>\n\t<meta name=\"twitter:data2\" content=\"7 minutes\" \/>\n<script type=\"application\/ld+json\" class=\"yoast-schema-graph\">{\"@context\":\"https:\\\/\\\/schema.org\",\"@graph\":[{\"@type\":\"Article\",\"@id\":\"https:\\\/\\\/certi.org.br\\\/blog\\\/comercializador-varejista-de-energia\\\/#article\",\"isPartOf\":{\"@id\":\"https:\\\/\\\/certi.org.br\\\/blog\\\/comercializador-varejista-de-energia\\\/\"},\"author\":{\"name\":\"Isla Almeida Oliveira\",\"@id\":\"https:\\\/\\\/certi.org.br\\\/blog\\\/en\\\/#\\\/schema\\\/person\\\/8ca9cfe4b10e7b5c0fa6c9c0ecb0b177\"},\"headline\":\"Comercializador varejista de energia: qual \u00e9 seu papel e perspectivas do mercado\",\"datePublished\":\"2022-05-02T20:17:03+00:00\",\"dateModified\":\"2025-08-06T20:45:23+00:00\",\"mainEntityOfPage\":{\"@id\":\"https:\\\/\\\/certi.org.br\\\/blog\\\/comercializador-varejista-de-energia\\\/\"},\"wordCount\":1184,\"commentCount\":0,\"publisher\":{\"@id\":\"https:\\\/\\\/certi.org.br\\\/blog\\\/en\\\/#organization\"},\"image\":{\"@id\":\"https:\\\/\\\/certi.org.br\\\/blog\\\/comercializador-varejista-de-energia\\\/#primaryimage\"},\"thumbnailUrl\":\"https:\\\/\\\/certi.org.br\\\/blog\\\/wp-content\\\/uploads\\\/2022\\\/05\\\/comercializador-varejista-de-energia.png\",\"keywords\":[\"Eletroeletr\u00f4nico\",\"Energia\"],\"articleSection\":[\"Artigos\",\"Sistemas de Energia\",\"Software\"],\"inLanguage\":\"en-US\",\"potentialAction\":[{\"@type\":\"CommentAction\",\"name\":\"Comment\",\"target\":[\"https:\\\/\\\/certi.org.br\\\/blog\\\/comercializador-varejista-de-energia\\\/#respond\"]}]},{\"@type\":\"WebPage\",\"@id\":\"https:\\\/\\\/certi.org.br\\\/blog\\\/comercializador-varejista-de-energia\\\/\",\"url\":\"https:\\\/\\\/certi.org.br\\\/blog\\\/comercializador-varejista-de-energia\\\/\",\"name\":\"Comercializador varejista de energia: qual papel e perspectiva do mercado\",\"isPartOf\":{\"@id\":\"https:\\\/\\\/certi.org.br\\\/blog\\\/en\\\/#website\"},\"primaryImageOfPage\":{\"@id\":\"https:\\\/\\\/certi.org.br\\\/blog\\\/comercializador-varejista-de-energia\\\/#primaryimage\"},\"image\":{\"@id\":\"https:\\\/\\\/certi.org.br\\\/blog\\\/comercializador-varejista-de-energia\\\/#primaryimage\"},\"thumbnailUrl\":\"https:\\\/\\\/certi.org.br\\\/blog\\\/wp-content\\\/uploads\\\/2022\\\/05\\\/comercializador-varejista-de-energia.png\",\"datePublished\":\"2022-05-02T20:17:03+00:00\",\"dateModified\":\"2025-08-06T20:45:23+00:00\",\"description\":\"Entenda mais sobre o papel do comercializador varejista de energia, ferramentas por elas utilizadas e como as plantas virtuais podem ajudar.\",\"breadcrumb\":{\"@id\":\"https:\\\/\\\/certi.org.br\\\/blog\\\/comercializador-varejista-de-energia\\\/#breadcrumb\"},\"inLanguage\":\"en-US\",\"potentialAction\":[{\"@type\":\"ReadAction\",\"target\":[\"https:\\\/\\\/certi.org.br\\\/blog\\\/comercializador-varejista-de-energia\\\/\"]}]},{\"@type\":\"ImageObject\",\"inLanguage\":\"en-US\",\"@id\":\"https:\\\/\\\/certi.org.br\\\/blog\\\/comercializador-varejista-de-energia\\\/#primaryimage\",\"url\":\"https:\\\/\\\/certi.org.br\\\/blog\\\/wp-content\\\/uploads\\\/2022\\\/05\\\/comercializador-varejista-de-energia.png\",\"contentUrl\":\"https:\\\/\\\/certi.org.br\\\/blog\\\/wp-content\\\/uploads\\\/2022\\\/05\\\/comercializador-varejista-de-energia.png\",\"width\":863,\"height\":524},{\"@type\":\"BreadcrumbList\",\"@id\":\"https:\\\/\\\/certi.org.br\\\/blog\\\/comercializador-varejista-de-energia\\\/#breadcrumb\",\"itemListElement\":[{\"@type\":\"ListItem\",\"position\":1,\"name\":\"In\u00edcio\",\"item\":\"https:\\\/\\\/certi.org.br\\\/blog\\\/\"},{\"@type\":\"ListItem\",\"position\":2,\"name\":\"Comercializador varejista de energia: qual \u00e9 seu papel e perspectivas do mercado\"}]},{\"@type\":\"WebSite\",\"@id\":\"https:\\\/\\\/certi.org.br\\\/blog\\\/en\\\/#website\",\"url\":\"https:\\\/\\\/certi.org.br\\\/blog\\\/en\\\/\",\"name\":\"CERTI Insights\",\"description\":\"\",\"publisher\":{\"@id\":\"https:\\\/\\\/certi.org.br\\\/blog\\\/en\\\/#organization\"},\"potentialAction\":[{\"@type\":\"SearchAction\",\"target\":{\"@type\":\"EntryPoint\",\"urlTemplate\":\"https:\\\/\\\/certi.org.br\\\/blog\\\/en\\\/?s={search_term_string}\"},\"query-input\":{\"@type\":\"PropertyValueSpecification\",\"valueRequired\":true,\"valueName\":\"search_term_string\"}}],\"inLanguage\":\"en-US\"},{\"@type\":\"Organization\",\"@id\":\"https:\\\/\\\/certi.org.br\\\/blog\\\/en\\\/#organization\",\"name\":\"Funda\u00e7\u00e3o CERTI\",\"url\":\"https:\\\/\\\/certi.org.br\\\/blog\\\/en\\\/\",\"logo\":{\"@type\":\"ImageObject\",\"inLanguage\":\"en-US\",\"@id\":\"https:\\\/\\\/certi.org.br\\\/blog\\\/en\\\/#\\\/schema\\\/logo\\\/image\\\/\",\"url\":\"https:\\\/\\\/certi.org.br\\\/blog\\\/wp-content\\\/uploads\\\/2019\\\/09\\\/certi-foundation.png\",\"contentUrl\":\"https:\\\/\\\/certi.org.br\\\/blog\\\/wp-content\\\/uploads\\\/2019\\\/09\\\/certi-foundation.png\",\"width\":240,\"height\":95,\"caption\":\"Funda\u00e7\u00e3o CERTI\"},\"image\":{\"@id\":\"https:\\\/\\\/certi.org.br\\\/blog\\\/en\\\/#\\\/schema\\\/logo\\\/image\\\/\"},\"sameAs\":[\"https:\\\/\\\/www.facebook.com\\\/FundacaoCerti\",\"https:\\\/\\\/x.com\\\/FundacaoCERTI\",\"https:\\\/\\\/www.instagram.com\\\/fundacaocerti\\\/\",\"https:\\\/\\\/www.linkedin.com\\\/company\\\/fundacao-certi\\\/\"]},{\"@type\":\"Person\",\"@id\":\"https:\\\/\\\/certi.org.br\\\/blog\\\/en\\\/#\\\/schema\\\/person\\\/8ca9cfe4b10e7b5c0fa6c9c0ecb0b177\",\"name\":\"Isla Almeida Oliveira\",\"url\":\"https:\\\/\\\/certi.org.br\\\/blog\\\/author\\\/isla-almeida-oliveira\\\/\"}]}<\/script>\n<!-- \/ Yoast SEO plugin. -->","yoast_head_json":{"title":"Comercializador varejista de energia: qual papel e perspectiva do mercado","description":"Entenda mais sobre o papel do comercializador varejista de energia, ferramentas por elas utilizadas e como as plantas virtuais podem ajudar.","robots":{"index":"index","follow":"follow","max-snippet":"max-snippet:-1","max-image-preview":"max-image-preview:large","max-video-preview":"max-video-preview:-1"},"canonical":"https:\/\/certi.org.br\/blog\/comercializador-varejista-de-energia\/","og_locale":"en_US","og_type":"article","og_title":"Comercializador varejista de energia: qual papel e perspectiva do mercado","og_description":"Entenda mais sobre o papel do comercializador varejista de energia, ferramentas por elas utilizadas e como as plantas virtuais podem ajudar.","og_url":"https:\/\/certi.org.br\/blog\/comercializador-varejista-de-energia\/","og_site_name":"CERTI Insights","article_publisher":"https:\/\/www.facebook.com\/FundacaoCerti","article_published_time":"2022-05-02T20:17:03+00:00","article_modified_time":"2025-08-06T20:45:23+00:00","og_image":[{"width":863,"height":524,"url":"https:\/\/certi.org.br\/blog\/wp-content\/uploads\/2022\/05\/comercializador-varejista-de-energia.png","type":"image\/png"}],"author":"Isla Almeida Oliveira","twitter_card":"summary_large_image","twitter_creator":"@FundacaoCERTI","twitter_site":"@FundacaoCERTI","twitter_misc":{"Written by":"Isla Almeida Oliveira","Est. reading time":"7 minutes"},"schema":{"@context":"https:\/\/schema.org","@graph":[{"@type":"Article","@id":"https:\/\/certi.org.br\/blog\/comercializador-varejista-de-energia\/#article","isPartOf":{"@id":"https:\/\/certi.org.br\/blog\/comercializador-varejista-de-energia\/"},"author":{"name":"Isla Almeida Oliveira","@id":"https:\/\/certi.org.br\/blog\/en\/#\/schema\/person\/8ca9cfe4b10e7b5c0fa6c9c0ecb0b177"},"headline":"Comercializador varejista de energia: qual \u00e9 seu papel e perspectivas do mercado","datePublished":"2022-05-02T20:17:03+00:00","dateModified":"2025-08-06T20:45:23+00:00","mainEntityOfPage":{"@id":"https:\/\/certi.org.br\/blog\/comercializador-varejista-de-energia\/"},"wordCount":1184,"commentCount":0,"publisher":{"@id":"https:\/\/certi.org.br\/blog\/en\/#organization"},"image":{"@id":"https:\/\/certi.org.br\/blog\/comercializador-varejista-de-energia\/#primaryimage"},"thumbnailUrl":"https:\/\/certi.org.br\/blog\/wp-content\/uploads\/2022\/05\/comercializador-varejista-de-energia.png","keywords":["Eletroeletr\u00f4nico","Energia"],"articleSection":["Artigos","Sistemas de Energia","Software"],"inLanguage":"en-US","potentialAction":[{"@type":"CommentAction","name":"Comment","target":["https:\/\/certi.org.br\/blog\/comercializador-varejista-de-energia\/#respond"]}]},{"@type":"WebPage","@id":"https:\/\/certi.org.br\/blog\/comercializador-varejista-de-energia\/","url":"https:\/\/certi.org.br\/blog\/comercializador-varejista-de-energia\/","name":"Comercializador varejista de energia: qual papel e perspectiva do mercado","isPartOf":{"@id":"https:\/\/certi.org.br\/blog\/en\/#website"},"primaryImageOfPage":{"@id":"https:\/\/certi.org.br\/blog\/comercializador-varejista-de-energia\/#primaryimage"},"image":{"@id":"https:\/\/certi.org.br\/blog\/comercializador-varejista-de-energia\/#primaryimage"},"thumbnailUrl":"https:\/\/certi.org.br\/blog\/wp-content\/uploads\/2022\/05\/comercializador-varejista-de-energia.png","datePublished":"2022-05-02T20:17:03+00:00","dateModified":"2025-08-06T20:45:23+00:00","description":"Entenda mais sobre o papel do comercializador varejista de energia, ferramentas por elas utilizadas e como as plantas virtuais podem ajudar.","breadcrumb":{"@id":"https:\/\/certi.org.br\/blog\/comercializador-varejista-de-energia\/#breadcrumb"},"inLanguage":"en-US","potentialAction":[{"@type":"ReadAction","target":["https:\/\/certi.org.br\/blog\/comercializador-varejista-de-energia\/"]}]},{"@type":"ImageObject","inLanguage":"en-US","@id":"https:\/\/certi.org.br\/blog\/comercializador-varejista-de-energia\/#primaryimage","url":"https:\/\/certi.org.br\/blog\/wp-content\/uploads\/2022\/05\/comercializador-varejista-de-energia.png","contentUrl":"https:\/\/certi.org.br\/blog\/wp-content\/uploads\/2022\/05\/comercializador-varejista-de-energia.png","width":863,"height":524},{"@type":"BreadcrumbList","@id":"https:\/\/certi.org.br\/blog\/comercializador-varejista-de-energia\/#breadcrumb","itemListElement":[{"@type":"ListItem","position":1,"name":"In\u00edcio","item":"https:\/\/certi.org.br\/blog\/"},{"@type":"ListItem","position":2,"name":"Comercializador varejista de energia: qual \u00e9 seu papel e perspectivas do mercado"}]},{"@type":"WebSite","@id":"https:\/\/certi.org.br\/blog\/en\/#website","url":"https:\/\/certi.org.br\/blog\/en\/","name":"CERTI Insights","description":"","publisher":{"@id":"https:\/\/certi.org.br\/blog\/en\/#organization"},"potentialAction":[{"@type":"SearchAction","target":{"@type":"EntryPoint","urlTemplate":"https:\/\/certi.org.br\/blog\/en\/?s={search_term_string}"},"query-input":{"@type":"PropertyValueSpecification","valueRequired":true,"valueName":"search_term_string"}}],"inLanguage":"en-US"},{"@type":"Organization","@id":"https:\/\/certi.org.br\/blog\/en\/#organization","name":"Funda\u00e7\u00e3o CERTI","url":"https:\/\/certi.org.br\/blog\/en\/","logo":{"@type":"ImageObject","inLanguage":"en-US","@id":"https:\/\/certi.org.br\/blog\/en\/#\/schema\/logo\/image\/","url":"https:\/\/certi.org.br\/blog\/wp-content\/uploads\/2019\/09\/certi-foundation.png","contentUrl":"https:\/\/certi.org.br\/blog\/wp-content\/uploads\/2019\/09\/certi-foundation.png","width":240,"height":95,"caption":"Funda\u00e7\u00e3o CERTI"},"image":{"@id":"https:\/\/certi.org.br\/blog\/en\/#\/schema\/logo\/image\/"},"sameAs":["https:\/\/www.facebook.com\/FundacaoCerti","https:\/\/x.com\/FundacaoCERTI","https:\/\/www.instagram.com\/fundacaocerti\/","https:\/\/www.linkedin.com\/company\/fundacao-certi\/"]},{"@type":"Person","@id":"https:\/\/certi.org.br\/blog\/en\/#\/schema\/person\/8ca9cfe4b10e7b5c0fa6c9c0ecb0b177","name":"Isla Almeida Oliveira","url":"https:\/\/certi.org.br\/blog\/author\/isla-almeida-oliveira\/"}]}},"amp_enabled":true,"_links":{"self":[{"href":"https:\/\/certi.org.br\/blog\/wp-json\/wp\/v2\/posts\/4799","targetHints":{"allow":["GET"]}}],"collection":[{"href":"https:\/\/certi.org.br\/blog\/wp-json\/wp\/v2\/posts"}],"about":[{"href":"https:\/\/certi.org.br\/blog\/wp-json\/wp\/v2\/types\/post"}],"author":[{"embeddable":true,"href":"https:\/\/certi.org.br\/blog\/wp-json\/wp\/v2\/users\/60"}],"replies":[{"embeddable":true,"href":"https:\/\/certi.org.br\/blog\/wp-json\/wp\/v2\/comments?post=4799"}],"version-history":[{"count":1,"href":"https:\/\/certi.org.br\/blog\/wp-json\/wp\/v2\/posts\/4799\/revisions"}],"predecessor-version":[{"id":7891,"href":"https:\/\/certi.org.br\/blog\/wp-json\/wp\/v2\/posts\/4799\/revisions\/7891"}],"wp:featuredmedia":[{"embeddable":true,"href":"https:\/\/certi.org.br\/blog\/wp-json\/wp\/v2\/media\/4804"}],"wp:attachment":[{"href":"https:\/\/certi.org.br\/blog\/wp-json\/wp\/v2\/media?parent=4799"}],"wp:term":[{"taxonomy":"category","embeddable":true,"href":"https:\/\/certi.org.br\/blog\/wp-json\/wp\/v2\/categories?post=4799"},{"taxonomy":"post_tag","embeddable":true,"href":"https:\/\/certi.org.br\/blog\/wp-json\/wp\/v2\/tags?post=4799"}],"curies":[{"name":"wp","href":"https:\/\/api.w.org\/{rel}","templated":true}]}}