{"id":6489,"date":"2023-05-19T16:59:45","date_gmt":"2023-05-19T16:59:45","guid":{"rendered":"https:\/\/certi.org.br\/blog\/?p=6489"},"modified":"2025-08-06T16:44:18","modified_gmt":"2025-08-06T19:44:18","slug":"segunda-edicao-do-arena-celta-abre-inscricoes-para-formar-uma-nova-geracao-de-startups","status":"publish","type":"post","link":"https:\/\/certi.org.br\/blog\/segunda-edicao-do-arena-celta-abre-inscricoes-para-formar-uma-nova-geracao-de-startups\/","title":{"rendered":"Segunda edi\u00e7\u00e3o do Arena CELTA abre inscri\u00e7\u00f5es para formar uma nova gera\u00e7\u00e3o de startups"},"content":{"rendered":"\n<p><em>Iniciativas de todo o pa\u00eds podem participar gratuitamente do programa promovido pela Funda\u00e7\u00e3o CERTI com patroc\u00ednio do Sebrae Nacional<\/em><\/p>\n\n\n\n<p>O <a href=\"https:\/\/celta.certi.org.br\/arenacelta\/\">Arena CELTA<\/a>, programa da <a href=\"https:\/\/certi.org.br\/\">Funda\u00e7\u00e3o CERTI<\/a> voltado para formar uma nova gera\u00e7\u00e3o de startups, ter\u00e1 sua segunda edi\u00e7\u00e3o repleta de novidades. O programa nacional, que agora conta com patroc\u00ednio do Sebrae e do grupo NSC, ter\u00e1 uma edi\u00e7\u00e3o em Florian\u00f3polis (SC), e dois eventos paralelos, o Arena Na Estrada, um em Santar\u00e9m (PA) e outro em Caxias do Sul (RS).<\/p>\n\n\n\n<p>&nbsp;As inscri\u00e7\u00f5es j\u00e1 est\u00e3o abertas e podem ser feitas at\u00e9 o dia 12 de junho no site <a href=\"https:\/\/celta.certi.org.br\/arenacelta\/\">https:\/\/celta.certi.org.br\/arenacelta\/<\/a>. A participa\u00e7\u00e3o \u00e9 gratuita e, no caso do Arena CELTA, contempla capacita\u00e7\u00e3o por meio de uma plataforma online e tamb\u00e9m encontros presenciais em Florian\u00f3polis (SC). Para o Arena Na Estrada, a programa\u00e7\u00e3o prev\u00ea um dia de atividades: em Santar\u00e9m, no Par\u00e1, com foco em iniciativas para a economia verde; e em Caxias do Sul, no Rio Grande do Sul, com foco em solu\u00e7\u00f5es para a ind\u00fastria. As datas das edi\u00e7\u00f5es do Arena Na Estrada ainda ser\u00e3o confirmadas.<\/p>\n\n\n\n<p>&#8220;O Arena CELTA consolida-se como um evento nacional, com foco na sele\u00e7\u00e3o de boas ideias que podem ser transformadas em uma nova gera\u00e7\u00e3o de startups de sucesso. O grande diferencial do nosso programa \u00e9 a aproxima\u00e7\u00e3o real com investidores, com outras empresas j\u00e1 consolidadas e com todo o ecossistema CERTI&#8221;, avalia o superintendente geral da CERTI, Erich Muschellack. Para o Sebrae, trata-se de uma importante iniciativa para promover o empreendedorismo pa\u00eds afora. &#8220;Estamos sempre em busca de novas oportunidades para promover uma nova gera\u00e7\u00e3o de empreendedores. E a parceria com a CERTI na nova edi\u00e7\u00e3o do Arena CELTA \u00e9 uma estrat\u00e9gia certeira nesse caminho, com foco em um setor t\u00e3o promissor, que \u00e9 o segmento de tecnologia e inova\u00e7\u00e3o, uma \u00e1rea que gera muitos empregos qualificados e contribui diretamente para tantas outras atividades econ\u00f4micas&#8221;, afirma o presidente do Sebrae, D\u00e9cio Lima.<\/p>\n\n\n\n<p>Na nova edi\u00e7\u00e3o do Arena CELTA, ao longo de seis semanas, as empresas selecionadas participar\u00e3o de rodadas que envolvem muito aprendizado, treinamento e networking. Ser\u00e3o promovidos tr\u00eas rounds presenciais e uma arena final abordando temas como &#8220;valida\u00e7\u00e3o do problema&#8221;, &#8220;acesso ao mercado&#8221; e &#8220;finan\u00e7as e capta\u00e7\u00e3o de recursos&#8221;. A cada um deles, apenas uma parte das empresas segue adiante. E 20 iniciativas participam da arena final, quando fazem uma apresenta\u00e7\u00e3o do modelo de neg\u00f3cios para potenciais clientes e investidores. Os rounds presenciais est\u00e3o agendados para 26 de junho, 10 e 24 de julho e 4 de agosto, quando ocorre a grande final.&nbsp;<\/p>\n\n\n\n<p><strong>Participantes da primeira edi\u00e7\u00e3o <\/strong><strong><br><\/strong><strong> <\/strong><strong>comemoram bons resultados<\/strong><\/p>\n\n\n\n<p>A primeira edi\u00e7\u00e3o do programa, realizada em 2022, recebeu 98 inscri\u00e7\u00f5es e 52 empresas foram selecionadas, incluindo representantes de Santa Catarina, Paran\u00e1 e Rio Grande do Sul.&nbsp; A 4FeedStock, que desenvolve tecnologia e inova\u00e7\u00e3o em sustentabilidade, foi uma delas. <strong>&#8220;<\/strong>O evento ajudou a desenhar o nosso modelo de neg\u00f3cio, simplificamos e evolu\u00edmos a forma de apresentar a nossa proposta de valor aos clientes, al\u00e9m de sermos instigados a avan\u00e7ar em governan\u00e7a e planejamento estrat\u00e9gico&#8221;, avalia o CEO da 4FeedStock, Willian Furtado de Farias Junior. A empresa de Florian\u00f3polis est\u00e1 incubada no CELTA e comemora os bons resultados. &#8220;A participa\u00e7\u00e3o no Arena nos trouxe mais autoridade e confian\u00e7a por parte dos nossos clientes. Conseguimos fechar um contrato muito importante com um dos maiores players no segmento de gest\u00e3o de res\u00edduos&#8221;, diz Willian.<\/p>\n\n\n\n<p>A b-algae, empresa de biotecnologia, tamb\u00e9m j\u00e1 fechou contratos com investidores, o que permitiu a adapta\u00e7\u00e3o ao espa\u00e7o disponibilizado para incuba\u00e7\u00e3o no CELTA e o desenvolvimento de uma infraestrutura que atende aos regulat\u00f3rios exigidos para o setor. Sobre a participa\u00e7\u00e3o no Arena CELTA, o CEO da startup, Herculano Cella, afirma que os ensinamentos adquiridos nos quatro rounds do evento \u00e9 que permitiram viabilizar a startup. &#8220;Recebemos muita capacita\u00e7\u00e3o para nos diferenciarmos no mercado&#8221;, destaca.&nbsp;<\/p>\n\n\n\n<p>Outra participante do Arena, a i.GO for Education, uma edtech de aprendizagem de empreendedorismo, tecnologia e inova\u00e7\u00e3o, come\u00e7ou sua hist\u00f3ria em Cuiab\u00e1, no Mato Grosso. Depois de algumas tentativas, a empresa conseguiu mudar para Florian\u00f3polis em busca dos benef\u00edcios do ecossistema local. &#8220;As mudan\u00e7as e ajustes que fizemos com base nos aprendizados no Arena trouxeram resultados imediatos, o programa foi essencial para colocar a empresa no trilho certo. E, hoje, ser incubada pelo CELTA \u00e9 a realiza\u00e7\u00e3o de um verdadeiro sonho&#8221;, afirma o CEO da startup, Saulo Rocha.&nbsp;<\/p>\n\n\n\n<p>&#8220;Estar entre no principal ecossistema de inova\u00e7\u00e3o de Santa Catarina, com certeza, energiza nosso time. Ganhamos voz. O mercado passa a nos escutar pelo fato de estarmos incubados no CELTA&#8221;, acrescenta o CEO da LimpMe, Bruno Rosa. A cleantech do setor de limpeza automotiva ecol\u00f3gica tamb\u00e9m conseguiu um lugar como incubada CELTA depois de participar da primeira edi\u00e7\u00e3o do Arena.<\/p>\n\n\n\n<p><strong>Sobre o CELTA<\/strong><\/p>\n\n\n\n<p>O Centro Empresarial para Labora\u00e7\u00e3o de Tecnologias Avan\u00e7adas (CELTA), primeira Incubadora do Brasil, foi idealizada e criada em 1986 pela Funda\u00e7\u00e3o CERTI, que acumula expertise em mecanismos que incentivam o empreendedorismo. Reconhecida como melhor incubadora do Brasil e acompanhando os novos movimentos do Ecossistema de Inova\u00e7\u00e3o de Florian\u00f3polis, o CELTA atua no Parque Tecnol\u00f3gico Alfa e no Sapiens Parque, proporcionando o ambiente prop\u00edcio para aproxima\u00e7\u00e3o e networking entre startups e grandes empresas para a promo\u00e7\u00e3o da inova\u00e7\u00e3o corporativa e a gera\u00e7\u00e3o de neg\u00f3cios. Das empresas que entraram no CELTA, 96% est\u00e3o no mercado<\/p>\n\n\n\n<p><strong>Sobre a CERTI<\/strong><\/p>\n\n\n\n<p>Criada em 1984, a CERTI est\u00e1 hoje \u00e0 frente de quase 100 projetos e tem 400 funcion\u00e1rios diretos. Com atua\u00e7\u00e3o nacional e clientes como SEBRAE, Petrobras, Embraer, Siemens, WEG e Celesc, a funda\u00e7\u00e3o opera como uma organiza\u00e7\u00e3o de pesquisa, desenvolvimento e servi\u00e7os tecnol\u00f3gicos especializados que proporcionam solu\u00e7\u00f5es inovadoras para a iniciativa privada, governo e terceiro setor. Tem sede em Florian\u00f3polis e institui\u00e7\u00f5es afiliadas em Manaus e em Bras\u00edlia. Atua tamb\u00e9m em bioeconomia e no fomento e crescimento regional e nacional por meio da promo\u00e7\u00e3o do empreendedorismo inovador. \u00c9 uma institui\u00e7\u00e3o independente e sem fins lucrativos.<\/p>\n\n\n\n<p><strong>Sobre o Sebrae<\/strong><\/p>\n\n\n\n<p>Promover a cultura empreendedora, aprimorar a gest\u00e3o empresarial e desenvolver um ambiente de neg\u00f3cios saud\u00e1vel e inovador para as micro e pequenas empresas brasileiras, que representam 99% dos empreendimentos do pa\u00eds, respondendo por quase 30% do PIB e 54% dos empregos formais. Esses pilares definem a atua\u00e7\u00e3o do Sebrae, uma das mais reconhecidas marcas no setor produtivo brasileiro. A institui\u00e7\u00e3o apoia o desenvolvimento de novos neg\u00f3cios, promovendo a melhoria das pol\u00edticas p\u00fablicas em favor do empreendedorismo, com atua\u00e7\u00e3o destacada no est\u00edmulo \u00e0 competitividade. Com ampla capilaridade em todos os estados, o Sebrae contribui para a moderniza\u00e7\u00e3o constante dos pequenos neg\u00f3cios e para inclus\u00e3o social, por meio da gera\u00e7\u00e3o de emprego e renda.<\/p>\n","protected":false},"excerpt":{"rendered":"<p>Iniciativas de todo o pa\u00eds podem participar gratuitamente do programa promovido pela Funda\u00e7\u00e3o CERTI com patroc\u00ednio do Sebrae Nacional O Arena CELTA, programa da Funda\u00e7\u00e3o CERTI voltado para formar uma nova gera\u00e7\u00e3o de startups, ter\u00e1 sua segunda edi\u00e7\u00e3o repleta de novidades. O programa nacional, que agora conta com patroc\u00ednio do Sebrae e do grupo NSC, [&hellip;]<\/p>\n","protected":false},"author":1,"featured_media":6490,"comment_status":"closed","ping_status":"closed","sticky":false,"template":"","format":"standard","meta":{"inline_featured_image":false,"footnotes":""},"categories":[2,49],"tags":[22],"class_list":["post-6489","post","type-post","status-publish","format-standard","has-post-thumbnail","hentry","category-artigos","category-empreendedorismo","tag-empreendedorismo"],"yoast_head":"<!-- This site is optimized with the Yoast SEO plugin v27.4 - https:\/\/yoast.com\/product\/yoast-seo-wordpress\/ -->\n<title>Segunda edi\u00e7\u00e3o do Arena CELTA abre inscri\u00e7\u00f5es para formar uma nova gera\u00e7\u00e3o de startups - CERTI Insights<\/title>\n<meta name=\"robots\" content=\"index, follow, max-snippet:-1, max-image-preview:large, max-video-preview:-1\" \/>\n<link rel=\"canonical\" href=\"https:\/\/certi.org.br\/blog\/segunda-edicao-do-arena-celta-abre-inscricoes-para-formar-uma-nova-geracao-de-startups\/\" \/>\n<meta property=\"og:locale\" content=\"en_US\" \/>\n<meta property=\"og:type\" content=\"article\" \/>\n<meta property=\"og:title\" content=\"Segunda edi\u00e7\u00e3o do Arena CELTA abre inscri\u00e7\u00f5es para formar uma nova gera\u00e7\u00e3o de startups - CERTI Insights\" \/>\n<meta property=\"og:description\" content=\"Iniciativas de todo o pa\u00eds podem participar gratuitamente do programa promovido pela Funda\u00e7\u00e3o CERTI com patroc\u00ednio do Sebrae Nacional O Arena CELTA, programa da Funda\u00e7\u00e3o CERTI voltado para formar uma nova gera\u00e7\u00e3o de startups, ter\u00e1 sua segunda edi\u00e7\u00e3o repleta de novidades. O programa nacional, que agora conta com patroc\u00ednio do Sebrae e do grupo NSC, [&hellip;]\" \/>\n<meta property=\"og:url\" content=\"https:\/\/certi.org.br\/blog\/segunda-edicao-do-arena-celta-abre-inscricoes-para-formar-uma-nova-geracao-de-startups\/\" \/>\n<meta property=\"og:site_name\" content=\"CERTI Insights\" \/>\n<meta property=\"article:publisher\" content=\"https:\/\/www.facebook.com\/FundacaoCerti\" \/>\n<meta property=\"article:published_time\" content=\"2023-05-19T16:59:45+00:00\" \/>\n<meta property=\"article:modified_time\" content=\"2025-08-06T19:44:18+00:00\" \/>\n<meta property=\"og:image\" content=\"https:\/\/certi.org.br\/blog\/wp-content\/uploads\/2023\/05\/arena-celta-2023.jpeg\" \/>\n\t<meta property=\"og:image:width\" content=\"1024\" \/>\n\t<meta property=\"og:image:height\" content=\"683\" \/>\n\t<meta property=\"og:image:type\" content=\"image\/jpeg\" \/>\n<meta name=\"author\" content=\"Funda\u00e7\u00e3o CERTI\" \/>\n<meta name=\"twitter:card\" content=\"summary_large_image\" \/>\n<meta name=\"twitter:creator\" content=\"@FundacaoCERTI\" \/>\n<meta name=\"twitter:site\" content=\"@FundacaoCERTI\" \/>\n<meta name=\"twitter:label1\" content=\"Written by\" \/>\n\t<meta name=\"twitter:data1\" content=\"Funda\u00e7\u00e3o CERTI\" \/>\n\t<meta name=\"twitter:label2\" content=\"Est. reading time\" \/>\n\t<meta name=\"twitter:data2\" content=\"7 minutes\" \/>\n<script type=\"application\/ld+json\" class=\"yoast-schema-graph\">{\"@context\":\"https:\\\/\\\/schema.org\",\"@graph\":[{\"@type\":\"Article\",\"@id\":\"https:\\\/\\\/certi.org.br\\\/blog\\\/segunda-edicao-do-arena-celta-abre-inscricoes-para-formar-uma-nova-geracao-de-startups\\\/#article\",\"isPartOf\":{\"@id\":\"https:\\\/\\\/certi.org.br\\\/blog\\\/segunda-edicao-do-arena-celta-abre-inscricoes-para-formar-uma-nova-geracao-de-startups\\\/\"},\"author\":{\"name\":\"Funda\u00e7\u00e3o CERTI\",\"@id\":\"https:\\\/\\\/certi.org.br\\\/blog\\\/en\\\/#\\\/schema\\\/person\\\/9a4b28238339f4a0e170baccb5721a85\"},\"headline\":\"Segunda edi\u00e7\u00e3o do Arena CELTA abre inscri\u00e7\u00f5es para formar uma nova gera\u00e7\u00e3o de startups\",\"datePublished\":\"2023-05-19T16:59:45+00:00\",\"dateModified\":\"2025-08-06T19:44:18+00:00\",\"mainEntityOfPage\":{\"@id\":\"https:\\\/\\\/certi.org.br\\\/blog\\\/segunda-edicao-do-arena-celta-abre-inscricoes-para-formar-uma-nova-geracao-de-startups\\\/\"},\"wordCount\":1206,\"publisher\":{\"@id\":\"https:\\\/\\\/certi.org.br\\\/blog\\\/en\\\/#organization\"},\"image\":{\"@id\":\"https:\\\/\\\/certi.org.br\\\/blog\\\/segunda-edicao-do-arena-celta-abre-inscricoes-para-formar-uma-nova-geracao-de-startups\\\/#primaryimage\"},\"thumbnailUrl\":\"https:\\\/\\\/certi.org.br\\\/blog\\\/wp-content\\\/uploads\\\/2023\\\/05\\\/arena-celta-2023.jpeg\",\"keywords\":[\"Empreendedorismo\"],\"articleSection\":[\"Artigos\",\"Empreendedorismo\"],\"inLanguage\":\"en-US\"},{\"@type\":\"WebPage\",\"@id\":\"https:\\\/\\\/certi.org.br\\\/blog\\\/segunda-edicao-do-arena-celta-abre-inscricoes-para-formar-uma-nova-geracao-de-startups\\\/\",\"url\":\"https:\\\/\\\/certi.org.br\\\/blog\\\/segunda-edicao-do-arena-celta-abre-inscricoes-para-formar-uma-nova-geracao-de-startups\\\/\",\"name\":\"Segunda edi\u00e7\u00e3o do Arena CELTA abre inscri\u00e7\u00f5es para formar uma nova gera\u00e7\u00e3o de startups - CERTI Insights\",\"isPartOf\":{\"@id\":\"https:\\\/\\\/certi.org.br\\\/blog\\\/en\\\/#website\"},\"primaryImageOfPage\":{\"@id\":\"https:\\\/\\\/certi.org.br\\\/blog\\\/segunda-edicao-do-arena-celta-abre-inscricoes-para-formar-uma-nova-geracao-de-startups\\\/#primaryimage\"},\"image\":{\"@id\":\"https:\\\/\\\/certi.org.br\\\/blog\\\/segunda-edicao-do-arena-celta-abre-inscricoes-para-formar-uma-nova-geracao-de-startups\\\/#primaryimage\"},\"thumbnailUrl\":\"https:\\\/\\\/certi.org.br\\\/blog\\\/wp-content\\\/uploads\\\/2023\\\/05\\\/arena-celta-2023.jpeg\",\"datePublished\":\"2023-05-19T16:59:45+00:00\",\"dateModified\":\"2025-08-06T19:44:18+00:00\",\"breadcrumb\":{\"@id\":\"https:\\\/\\\/certi.org.br\\\/blog\\\/segunda-edicao-do-arena-celta-abre-inscricoes-para-formar-uma-nova-geracao-de-startups\\\/#breadcrumb\"},\"inLanguage\":\"en-US\",\"potentialAction\":[{\"@type\":\"ReadAction\",\"target\":[\"https:\\\/\\\/certi.org.br\\\/blog\\\/segunda-edicao-do-arena-celta-abre-inscricoes-para-formar-uma-nova-geracao-de-startups\\\/\"]}]},{\"@type\":\"ImageObject\",\"inLanguage\":\"en-US\",\"@id\":\"https:\\\/\\\/certi.org.br\\\/blog\\\/segunda-edicao-do-arena-celta-abre-inscricoes-para-formar-uma-nova-geracao-de-startups\\\/#primaryimage\",\"url\":\"https:\\\/\\\/certi.org.br\\\/blog\\\/wp-content\\\/uploads\\\/2023\\\/05\\\/arena-celta-2023.jpeg\",\"contentUrl\":\"https:\\\/\\\/certi.org.br\\\/blog\\\/wp-content\\\/uploads\\\/2023\\\/05\\\/arena-celta-2023.jpeg\",\"width\":1024,\"height\":683},{\"@type\":\"BreadcrumbList\",\"@id\":\"https:\\\/\\\/certi.org.br\\\/blog\\\/segunda-edicao-do-arena-celta-abre-inscricoes-para-formar-uma-nova-geracao-de-startups\\\/#breadcrumb\",\"itemListElement\":[{\"@type\":\"ListItem\",\"position\":1,\"name\":\"In\u00edcio\",\"item\":\"https:\\\/\\\/certi.org.br\\\/blog\\\/\"},{\"@type\":\"ListItem\",\"position\":2,\"name\":\"Segunda edi\u00e7\u00e3o do Arena CELTA abre inscri\u00e7\u00f5es para formar uma nova gera\u00e7\u00e3o de startups\"}]},{\"@type\":\"WebSite\",\"@id\":\"https:\\\/\\\/certi.org.br\\\/blog\\\/en\\\/#website\",\"url\":\"https:\\\/\\\/certi.org.br\\\/blog\\\/en\\\/\",\"name\":\"CERTI Insights\",\"description\":\"\",\"publisher\":{\"@id\":\"https:\\\/\\\/certi.org.br\\\/blog\\\/en\\\/#organization\"},\"potentialAction\":[{\"@type\":\"SearchAction\",\"target\":{\"@type\":\"EntryPoint\",\"urlTemplate\":\"https:\\\/\\\/certi.org.br\\\/blog\\\/en\\\/?s={search_term_string}\"},\"query-input\":{\"@type\":\"PropertyValueSpecification\",\"valueRequired\":true,\"valueName\":\"search_term_string\"}}],\"inLanguage\":\"en-US\"},{\"@type\":\"Organization\",\"@id\":\"https:\\\/\\\/certi.org.br\\\/blog\\\/en\\\/#organization\",\"name\":\"Funda\u00e7\u00e3o CERTI\",\"url\":\"https:\\\/\\\/certi.org.br\\\/blog\\\/en\\\/\",\"logo\":{\"@type\":\"ImageObject\",\"inLanguage\":\"en-US\",\"@id\":\"https:\\\/\\\/certi.org.br\\\/blog\\\/en\\\/#\\\/schema\\\/logo\\\/image\\\/\",\"url\":\"https:\\\/\\\/certi.org.br\\\/blog\\\/wp-content\\\/uploads\\\/2019\\\/09\\\/certi-foundation.png\",\"contentUrl\":\"https:\\\/\\\/certi.org.br\\\/blog\\\/wp-content\\\/uploads\\\/2019\\\/09\\\/certi-foundation.png\",\"width\":240,\"height\":95,\"caption\":\"Funda\u00e7\u00e3o CERTI\"},\"image\":{\"@id\":\"https:\\\/\\\/certi.org.br\\\/blog\\\/en\\\/#\\\/schema\\\/logo\\\/image\\\/\"},\"sameAs\":[\"https:\\\/\\\/www.facebook.com\\\/FundacaoCerti\",\"https:\\\/\\\/x.com\\\/FundacaoCERTI\",\"https:\\\/\\\/www.instagram.com\\\/fundacaocerti\\\/\",\"https:\\\/\\\/www.linkedin.com\\\/company\\\/fundacao-certi\\\/\"]},{\"@type\":\"Person\",\"@id\":\"https:\\\/\\\/certi.org.br\\\/blog\\\/en\\\/#\\\/schema\\\/person\\\/9a4b28238339f4a0e170baccb5721a85\",\"name\":\"Funda\u00e7\u00e3o CERTI\",\"url\":\"https:\\\/\\\/certi.org.br\\\/blog\\\/author\\\/insights\\\/\"}]}<\/script>\n<!-- \/ Yoast SEO plugin. -->","yoast_head_json":{"title":"Segunda edi\u00e7\u00e3o do Arena CELTA abre inscri\u00e7\u00f5es para formar uma nova gera\u00e7\u00e3o de startups - CERTI Insights","robots":{"index":"index","follow":"follow","max-snippet":"max-snippet:-1","max-image-preview":"max-image-preview:large","max-video-preview":"max-video-preview:-1"},"canonical":"https:\/\/certi.org.br\/blog\/segunda-edicao-do-arena-celta-abre-inscricoes-para-formar-uma-nova-geracao-de-startups\/","og_locale":"en_US","og_type":"article","og_title":"Segunda edi\u00e7\u00e3o do Arena CELTA abre inscri\u00e7\u00f5es para formar uma nova gera\u00e7\u00e3o de startups - CERTI Insights","og_description":"Iniciativas de todo o pa\u00eds podem participar gratuitamente do programa promovido pela Funda\u00e7\u00e3o CERTI com patroc\u00ednio do Sebrae Nacional O Arena CELTA, programa da Funda\u00e7\u00e3o CERTI voltado para formar uma nova gera\u00e7\u00e3o de startups, ter\u00e1 sua segunda edi\u00e7\u00e3o repleta de novidades. O programa nacional, que agora conta com patroc\u00ednio do Sebrae e do grupo NSC, [&hellip;]","og_url":"https:\/\/certi.org.br\/blog\/segunda-edicao-do-arena-celta-abre-inscricoes-para-formar-uma-nova-geracao-de-startups\/","og_site_name":"CERTI Insights","article_publisher":"https:\/\/www.facebook.com\/FundacaoCerti","article_published_time":"2023-05-19T16:59:45+00:00","article_modified_time":"2025-08-06T19:44:18+00:00","og_image":[{"width":1024,"height":683,"url":"https:\/\/certi.org.br\/blog\/wp-content\/uploads\/2023\/05\/arena-celta-2023.jpeg","type":"image\/jpeg"}],"author":"Funda\u00e7\u00e3o CERTI","twitter_card":"summary_large_image","twitter_creator":"@FundacaoCERTI","twitter_site":"@FundacaoCERTI","twitter_misc":{"Written by":"Funda\u00e7\u00e3o CERTI","Est. reading time":"7 minutes"},"schema":{"@context":"https:\/\/schema.org","@graph":[{"@type":"Article","@id":"https:\/\/certi.org.br\/blog\/segunda-edicao-do-arena-celta-abre-inscricoes-para-formar-uma-nova-geracao-de-startups\/#article","isPartOf":{"@id":"https:\/\/certi.org.br\/blog\/segunda-edicao-do-arena-celta-abre-inscricoes-para-formar-uma-nova-geracao-de-startups\/"},"author":{"name":"Funda\u00e7\u00e3o CERTI","@id":"https:\/\/certi.org.br\/blog\/en\/#\/schema\/person\/9a4b28238339f4a0e170baccb5721a85"},"headline":"Segunda edi\u00e7\u00e3o do Arena CELTA abre inscri\u00e7\u00f5es para formar uma nova gera\u00e7\u00e3o de startups","datePublished":"2023-05-19T16:59:45+00:00","dateModified":"2025-08-06T19:44:18+00:00","mainEntityOfPage":{"@id":"https:\/\/certi.org.br\/blog\/segunda-edicao-do-arena-celta-abre-inscricoes-para-formar-uma-nova-geracao-de-startups\/"},"wordCount":1206,"publisher":{"@id":"https:\/\/certi.org.br\/blog\/en\/#organization"},"image":{"@id":"https:\/\/certi.org.br\/blog\/segunda-edicao-do-arena-celta-abre-inscricoes-para-formar-uma-nova-geracao-de-startups\/#primaryimage"},"thumbnailUrl":"https:\/\/certi.org.br\/blog\/wp-content\/uploads\/2023\/05\/arena-celta-2023.jpeg","keywords":["Empreendedorismo"],"articleSection":["Artigos","Empreendedorismo"],"inLanguage":"en-US"},{"@type":"WebPage","@id":"https:\/\/certi.org.br\/blog\/segunda-edicao-do-arena-celta-abre-inscricoes-para-formar-uma-nova-geracao-de-startups\/","url":"https:\/\/certi.org.br\/blog\/segunda-edicao-do-arena-celta-abre-inscricoes-para-formar-uma-nova-geracao-de-startups\/","name":"Segunda edi\u00e7\u00e3o do Arena CELTA abre inscri\u00e7\u00f5es para formar uma nova gera\u00e7\u00e3o de startups - CERTI Insights","isPartOf":{"@id":"https:\/\/certi.org.br\/blog\/en\/#website"},"primaryImageOfPage":{"@id":"https:\/\/certi.org.br\/blog\/segunda-edicao-do-arena-celta-abre-inscricoes-para-formar-uma-nova-geracao-de-startups\/#primaryimage"},"image":{"@id":"https:\/\/certi.org.br\/blog\/segunda-edicao-do-arena-celta-abre-inscricoes-para-formar-uma-nova-geracao-de-startups\/#primaryimage"},"thumbnailUrl":"https:\/\/certi.org.br\/blog\/wp-content\/uploads\/2023\/05\/arena-celta-2023.jpeg","datePublished":"2023-05-19T16:59:45+00:00","dateModified":"2025-08-06T19:44:18+00:00","breadcrumb":{"@id":"https:\/\/certi.org.br\/blog\/segunda-edicao-do-arena-celta-abre-inscricoes-para-formar-uma-nova-geracao-de-startups\/#breadcrumb"},"inLanguage":"en-US","potentialAction":[{"@type":"ReadAction","target":["https:\/\/certi.org.br\/blog\/segunda-edicao-do-arena-celta-abre-inscricoes-para-formar-uma-nova-geracao-de-startups\/"]}]},{"@type":"ImageObject","inLanguage":"en-US","@id":"https:\/\/certi.org.br\/blog\/segunda-edicao-do-arena-celta-abre-inscricoes-para-formar-uma-nova-geracao-de-startups\/#primaryimage","url":"https:\/\/certi.org.br\/blog\/wp-content\/uploads\/2023\/05\/arena-celta-2023.jpeg","contentUrl":"https:\/\/certi.org.br\/blog\/wp-content\/uploads\/2023\/05\/arena-celta-2023.jpeg","width":1024,"height":683},{"@type":"BreadcrumbList","@id":"https:\/\/certi.org.br\/blog\/segunda-edicao-do-arena-celta-abre-inscricoes-para-formar-uma-nova-geracao-de-startups\/#breadcrumb","itemListElement":[{"@type":"ListItem","position":1,"name":"In\u00edcio","item":"https:\/\/certi.org.br\/blog\/"},{"@type":"ListItem","position":2,"name":"Segunda edi\u00e7\u00e3o do Arena CELTA abre inscri\u00e7\u00f5es para formar uma nova gera\u00e7\u00e3o de startups"}]},{"@type":"WebSite","@id":"https:\/\/certi.org.br\/blog\/en\/#website","url":"https:\/\/certi.org.br\/blog\/en\/","name":"CERTI Insights","description":"","publisher":{"@id":"https:\/\/certi.org.br\/blog\/en\/#organization"},"potentialAction":[{"@type":"SearchAction","target":{"@type":"EntryPoint","urlTemplate":"https:\/\/certi.org.br\/blog\/en\/?s={search_term_string}"},"query-input":{"@type":"PropertyValueSpecification","valueRequired":true,"valueName":"search_term_string"}}],"inLanguage":"en-US"},{"@type":"Organization","@id":"https:\/\/certi.org.br\/blog\/en\/#organization","name":"Funda\u00e7\u00e3o CERTI","url":"https:\/\/certi.org.br\/blog\/en\/","logo":{"@type":"ImageObject","inLanguage":"en-US","@id":"https:\/\/certi.org.br\/blog\/en\/#\/schema\/logo\/image\/","url":"https:\/\/certi.org.br\/blog\/wp-content\/uploads\/2019\/09\/certi-foundation.png","contentUrl":"https:\/\/certi.org.br\/blog\/wp-content\/uploads\/2019\/09\/certi-foundation.png","width":240,"height":95,"caption":"Funda\u00e7\u00e3o CERTI"},"image":{"@id":"https:\/\/certi.org.br\/blog\/en\/#\/schema\/logo\/image\/"},"sameAs":["https:\/\/www.facebook.com\/FundacaoCerti","https:\/\/x.com\/FundacaoCERTI","https:\/\/www.instagram.com\/fundacaocerti\/","https:\/\/www.linkedin.com\/company\/fundacao-certi\/"]},{"@type":"Person","@id":"https:\/\/certi.org.br\/blog\/en\/#\/schema\/person\/9a4b28238339f4a0e170baccb5721a85","name":"Funda\u00e7\u00e3o CERTI","url":"https:\/\/certi.org.br\/blog\/author\/insights\/"}]}},"amp_enabled":true,"_links":{"self":[{"href":"https:\/\/certi.org.br\/blog\/wp-json\/wp\/v2\/posts\/6489","targetHints":{"allow":["GET"]}}],"collection":[{"href":"https:\/\/certi.org.br\/blog\/wp-json\/wp\/v2\/posts"}],"about":[{"href":"https:\/\/certi.org.br\/blog\/wp-json\/wp\/v2\/types\/post"}],"author":[{"embeddable":true,"href":"https:\/\/certi.org.br\/blog\/wp-json\/wp\/v2\/users\/1"}],"replies":[{"embeddable":true,"href":"https:\/\/certi.org.br\/blog\/wp-json\/wp\/v2\/comments?post=6489"}],"version-history":[{"count":1,"href":"https:\/\/certi.org.br\/blog\/wp-json\/wp\/v2\/posts\/6489\/revisions"}],"predecessor-version":[{"id":7834,"href":"https:\/\/certi.org.br\/blog\/wp-json\/wp\/v2\/posts\/6489\/revisions\/7834"}],"wp:featuredmedia":[{"embeddable":true,"href":"https:\/\/certi.org.br\/blog\/wp-json\/wp\/v2\/media\/6490"}],"wp:attachment":[{"href":"https:\/\/certi.org.br\/blog\/wp-json\/wp\/v2\/media?parent=6489"}],"wp:term":[{"taxonomy":"category","embeddable":true,"href":"https:\/\/certi.org.br\/blog\/wp-json\/wp\/v2\/categories?post=6489"},{"taxonomy":"post_tag","embeddable":true,"href":"https:\/\/certi.org.br\/blog\/wp-json\/wp\/v2\/tags?post=6489"}],"curies":[{"name":"wp","href":"https:\/\/api.w.org\/{rel}","templated":true}]}}