{"id":812,"date":"2020-09-15T14:00:00","date_gmt":"2020-09-15T17:00:00","guid":{"rendered":"http:\/\/insights.certi.org.br\/?p=812"},"modified":"2025-08-06T16:56:22","modified_gmt":"2025-08-06T19:56:22","slug":"responsabilidade-social","status":"publish","type":"post","link":"https:\/\/certi.org.br\/blog\/responsabilidade-social\/","title":{"rendered":"Apenas Responsabilidade Social e Ambiental bastam?"},"content":{"rendered":"\n<p>Compreender a responsabilidade social e ambiental no contexto das empresas pode ser mais complexo do que parece \u00e0 primeira vista. O uso de indicadores econ\u00f4micos convencionais, como o Produto Interno Bruto (PIB), pode proporcionar uma imagem distorcida para o desempenho econ\u00f4mico.<\/p>\n\n\n\n<p>Tais medidas n\u00e3o refletem a extens\u00e3o com a qual as atividades de produ\u00e7\u00e3o e o consumo podem estar afetando os recursos naturais. O crescimento futuro pode ser comprometido se o impacto sobre estes recursos atingir n\u00edveis cr\u00edticos.<\/p>\n\n\n\n<p>Segundo um c\u00e1lculo feito pela<a href=\"http:\/\/www.footprintnetwork.org\/\" target=\"_blank\" rel=\"noreferrer noopener\"> Global Footprint Network (GNF)<\/a>, que monitora a<a href=\"http:\/\/www.wwf.org.br\/natureza_brasileira\/especiais\/pegada_ecologica\/o_que_e_pegada_ecologica\/\" target=\"_blank\" rel=\"noreferrer noopener\"> Pegada Ecol\u00f3gica<\/a> das cidades do mundo, atualmente \u00e9 necess\u00e1rio 1,5 planeta para manter nosso estilo de vida. No longo prazo, este cen\u00e1rio fica ainda pior: mantendo este padr\u00e3o de consumo, em 2050 precisaremos de aproximadamente 3 planetas.<\/p>\n\n\n\n<p>Por isso, desenvolver a\u00e7\u00f5es que tenham como foco o bem comum e a manuten\u00e7\u00e3o dos recursos naturais n\u00e3o \u00e9 apenas uma atitude associada \u00e0 visibilidade, mas tamb\u00e9m de sobreviv\u00eancia.<\/p>\n\n\n\n<p>\u00c9 neste contexto que as empresas devem ir al\u00e9m da responsabilidade social e ambiental, compreendendo-os como ativos geradores de valor e n\u00e3o apenas como passivos a serem mitigados\/compensados. \u00c9 necess\u00e1rio prever impacto positivo sist\u00eamico e enxergar a quest\u00e3o com toda a sua complexidade.<\/p>\n\n\n\n<h2 class=\"wp-block-heading\">O que \u00e9 responsabilidade social e ambiental de uma empresa<\/h2>\n\n\n\n<p>Como falamos no texto &#8220;<a href=\"https:\/\/certi.org.br\/blog\/sustentabilidade-empresarial\/\" target=\"_blank\" rel=\"noreferrer noopener\">Como a Certi pode ajudar a promover a sustentabilidade empresarial?<\/a>&#8220;, a sustentabilidade corporativa deixou de ser um fator abordado de forma superficial para se tornar o centro das atividades da empresa.<\/p>\n\n\n\n<p>Isso passa pela compreens\u00e3o e aplica\u00e7\u00e3o do sentido de sustentabilidade como o entendemos no s\u00e9culo XXI, isto \u00e9, um conceito amplo que vai al\u00e9m das boas pr\u00e1ticas ambientais.<\/p>\n\n\n\n<p>A responsabilidade ambiental e social de uma empresa trata justamente de como a organiza\u00e7\u00e3o se relaciona n\u00e3o apenas com o meio ambiente, mas tamb\u00e9m com a sociedade, com a economia e at\u00e9 mesmo com suas obriga\u00e7\u00f5es legais.<\/p>\n\n\n\n<p>Quando falamos em responsabilidade socioambiental, nos referimos a uma s\u00e9rie de par\u00e2metros que devem nortear uma atua\u00e7\u00e3o mais preocupada com os impactos n\u00e3o apenas em n\u00edvel mercadol\u00f3gico, mas tamb\u00e9m de tudo que envolve a companhia e sua atua\u00e7\u00e3o. E isso inclui fatores como:<\/p>\n\n\n\n<ul class=\"wp-block-list\"><li>Estabelecimento de pol\u00edticas e compromissos sociais e ambientais;<\/li><li>Relacionamento da empresa com a comunidade em que est\u00e1 inserida, com foco no seu desenvolvimento sustent\u00e1vel e na sua valoriza\u00e7\u00e3o;<\/li><li>Relacionamento com colaboradores e oferta de melhores condi\u00e7\u00f5es;<\/li><li>Uso de tecnologia limpa e renov\u00e1vel.<\/li><\/ul>\n\n\n\n<p>Como podemos perceber, a responsabilidade socioambiental de uma empresa est\u00e1 diretamente relacionada \u00e0 no\u00e7\u00e3o de Economia Verde, uma vez que se espera que as organiza\u00e7\u00f5es consigam aliar seu crescimento econ\u00f4mico \u00e0 preserva\u00e7\u00e3o e uso eficiente dos recursos naturais e \u00e0 justi\u00e7a social.<\/p>\n\n\n\n<h2 class=\"wp-block-heading\">Qual a import\u00e2ncia da responsabilidade social corporativa<\/h2>\n\n\n\n<p>Sustentabilidade e desenvolvimento sustent\u00e1vel s\u00e3o conceitos e pr\u00e1ticas que est\u00e3o no centro da atua\u00e7\u00e3o corporativa.<\/p>\n\n\n\n<p>No s\u00e9culo XXI, a busca por uma rela\u00e7\u00e3o saud\u00e1vel com o meio ambiente e com a sociedade deve vir em p\u00e9 de igualdade com os objetivos financeiros das empresas \u2013 at\u00e9 porque, no contexto atual, h\u00e1 uma interdepend\u00eancia entre esses fatores, sobretudo por uma demanda cada vez maior por sustentabilidade por parte dos consumidores.<\/p>\n\n\n\n<p>Essas preocupa\u00e7\u00f5es s\u00e3o a base do conceito de Trip\u00e9 da Sustentabilidade, uma quest\u00e3o central para a gest\u00e3o empresarial nos dias de hoje, cujos pilares s\u00e3o a condu\u00e7\u00e3o da parte financeira sem que sejam deixados de lado os impactos ambientais da empresa e a forma como ela se relaciona com as pessoas e a sociedade.<\/p>\n\n\n\n<p>Em outra palavras, trata-se da harmonia entre a responsabilidade social, a responsabilidade ambiental e o interesse econ\u00f4mico. Para compreendermos melhor a import\u00e2ncia da responsabilidade socioambiental de uma empresa, \u00e9 necess\u00e1rio entendermos melhor do que se trata, de fato, cada uma das tr\u00eas bases do Trip\u00e9 da Sustentabilidade:<\/p>\n\n\n\n<ul class=\"wp-block-list\"><li><strong>Ambiental:<\/strong> trata-se da manuten\u00e7\u00e3o de pr\u00e1ticas de produ\u00e7\u00e3o que visem reduzir os impactos ambientais ao longo de toda a cadeia de valor, sobretudo como forma de garantir a continuidade da produ\u00e7\u00e3o. Al\u00e9m disso, \u00e9 fundamental o comprometimento com pr\u00e1ticas sustent\u00e1veis e o incentivo\/cria\u00e7\u00e3o de programas que promovam a preserva\u00e7\u00e3o do meio ambiente.<\/li><li><strong>Social: <\/strong>consiste em manter uma rela\u00e7\u00e3o saud\u00e1vel com as pessoas, tanto os colaboradores da empresa quanto com a comunidade em que elas est\u00e3o inseridas. Isso passa, por exemplo, pela oferta de boas condi\u00e7\u00f5es de trabalho para os funcion\u00e1rios e por a\u00e7\u00f5es para valoriza\u00e7\u00e3o do entorno, como a promo\u00e7\u00e3o de projetos sociais, uso de m\u00e3o de obra local e programas de apoio \u00e0 comunidade.<\/li><li><strong>Econ\u00f4mico:<\/strong> abrange todas as quest\u00f5es que dizem respeito \u00e0 gest\u00e3o financeira e \u00e0 lucratividade da empresa. O ponto fundamental \u00e9 a compreens\u00e3o de que, ao incorporar a\u00e7\u00f5es sustent\u00e1veis \u00e0s suas atividades corporativas, a organiza\u00e7\u00e3o adota uma vis\u00e3o voltada ao futuro, que tende a refletir positivamente e pode levar a um aumento na produtividade, na competitividade e nos resultados que obt\u00e9m. Outro fator crucial \u00e9 a percep\u00e7\u00e3o da marca pelo mercado.<\/li><\/ul>\n\n\n\n<p>A responsabilidade socioambiental gera impactos positivos n\u00e3o apenas no planeta, como tamb\u00e9m na sociedade, em seus produtos, processo e projetos, colaborando para a preserva\u00e7\u00e3o e regenera\u00e7\u00e3o do meio ambiente, e para a redu\u00e7\u00e3o de desigualdades econ\u00f4micas e sociais. Tudo isso sem abrir m\u00e3o do lucro.<\/p>\n\n\n\n<h2 class=\"wp-block-heading\">Exemplos de responsabilidade socioambiental<\/h2>\n\n\n\n<p>Como vimos, a responsabilidade socioambiental diz respeito, entre outras coisas, \u00e0 rela\u00e7\u00e3o com o ambiente e \u00e0 comunidade em que a empresa est\u00e1 inserida. Mas como isso ocorre na pr\u00e1tica?<\/p>\n\n\n\n<p>Existem diversas formas de as empresas exercerem sua responsabilidade ambiental e social, tanto interna quanto externamente. Quando falamos de a\u00e7\u00f5es internas, nos referimos, por exemplo, \u00e0 contrata\u00e7\u00e3o de m\u00e3o de obra qualificada com medidas que promovam a inclus\u00e3o de grupos minorit\u00e1rios.<\/p>\n\n\n\n<p>A utiliza\u00e7\u00e3o consciente de materiais, ado\u00e7\u00e3o de pr\u00e1ticas que diminuam os impactos ambientais e o aumento da efici\u00eancia no uso de recursos, bem como a promo\u00e7\u00e3o da sa\u00fade dos colaboradores para al\u00e9m das obriga\u00e7\u00f5es legais, s\u00e3o exemplos de outras a\u00e7\u00f5es internas que a empresa pode tomar para valorizar seu capital social e preservar o meio ambiente.<\/p>\n\n\n\n<p>Por outro lado, quando nos referimos a medidas externas, entram a\u00e7\u00f5es que a empresa desempenha junto \u00e0 comunidade e na regi\u00e3o em que ela atua. Isso passa, por exemplo, por promover a integra\u00e7\u00e3o da empresa com a comunidade, valorizando a m\u00e3o de obra local, realizando servi\u00e7os de voluntariado e criando programas de apoio \u00e0s pessoas e institui\u00e7\u00f5es locais.<\/p>\n\n\n\n<p>Mais do que isso, a empresa que atua com responsabilidade socioambiental para com a comunidade que a recebe deve gerar compromissos com os direitos humanos e com a prote\u00e7\u00e3o do meio ambiente na regi\u00e3o.<\/p>\n\n\n\n<h2 class=\"wp-block-heading\">Motivos para implementar a\u00e7\u00f5es socioambientais<\/h2>\n\n\n\n<p>Preocupar-se constantemente com a conserva\u00e7\u00e3o dos recursos naturais \u00e9 vital para as empresas. Os consumidores est\u00e3o cada vez mais exigentes e bem informados. Consequentemente, admitem cada vez menos deslizes e h\u00e1 mais conscientiza\u00e7\u00e3o sobre as consequ\u00eancias da explora\u00e7\u00e3o sem controle (tanto ambiental quanto social).<\/p>\n\n\n\n<p>De acordo com estudo da Edelman Goodpurpose, 80% dos consumidores brasileiros comprariam produtos de empresas consideradas respons\u00e1veis social e ambientalmente. Complementarmente, 79% dos consumidores no Brasil (e 71% em n\u00edvel global) consideram que projetos que protejam o meio ambiente podem ajudar no crescimento da economia.<\/p>\n\n\n\n<p>Sabemos que a responsabilidade social e ambiental deve estar presente em organiza\u00e7\u00f5es de todos os tipos, mesmo naquelas em que as atividades fins supostamente n\u00e3o geram impactos negativos diretos.<\/p>\n\n\n\n<p>Mas, ser\u00e1 que apenas isso \u00e9 suficiente? A nova onda de neg\u00f3cios prev\u00ea novas formas de buscar oportunidades e gerar impacto social e ambiental positivo aliado \u00e0 estrat\u00e9gia corporativa das organiza\u00e7\u00f5es. Na sequ\u00eancia falamos sobre implica\u00e7\u00f5es pr\u00e1ticas e consequ\u00eancias imediatas:<\/p>\n\n\n\n<h2 class=\"wp-block-heading\">Refor\u00e7ar a imagem da empresa e a reputa\u00e7\u00e3o da marca<\/h2>\n\n\n\n<p>No contexto atual do mercado, o consumidor tornou-se mais exigente e espera que a empresa ofere\u00e7a muito mais do que um produto ou servi\u00e7o de qualidade.<\/p>\n\n\n\n<p>Em uma Economia Verde, o cliente demonstra um interesse, um envolvimento e uma preocupa\u00e7\u00e3o cada vez maiores com as a\u00e7\u00f5es da empresa e o modo com ela se posiciona em rela\u00e7\u00e3o a pr\u00e1ticas sustent\u00e1veis \u2013 no entendimento de sustentabilidade como um todo, n\u00e3o somente no aspecto ambiental.<\/p>\n\n\n\n<p>Para esses consumidores, a ado\u00e7\u00e3o de novos h\u00e1bitos faz parte de uma proposta de mudan\u00e7a que se relaciona diretamente com novas pr\u00e1ticas de consumo e sua rela\u00e7\u00e3o com as marcas. Nesse sentido, a empresa que adota uma postura de compromisso com o bem estar social e integridade do meio ambiente traz impactos positivos para sua reputa\u00e7\u00e3o e para sua imagem.<\/p>\n\n\n\n<h2 class=\"wp-block-heading\">Favorece o aumento da competitividade<\/h2>\n\n\n\n<p>Uma coisa est\u00e1 ligada a outra. A sustentabilidade como ponto central das a\u00e7\u00f5es da empresa melhora sua imagem e reputa\u00e7\u00e3o, estreitando a rela\u00e7\u00e3o com um perfil de consumidor e um mercado que cada vez se preocupam com a conserva\u00e7\u00e3o do meio ambiente e os impactos sociais das marcas.<\/p>\n\n\n\n<p>Como resultado natural desse movimento, as organiza\u00e7\u00f5es conseguem aumentar sua posi\u00e7\u00e3o competitiva no longo prazo, atraindo cada vez mais interessados \u2013 potenciais clientes, parceiros e investidores.<\/p>\n\n\n\n<h2 class=\"wp-block-heading\">Melhora o engajamento dos colaboradores<\/h2>\n\n\n\n<p>Como vimos, a responsabilidade socioambiental de uma empresa tamb\u00e9m diz respeito \u00e0 forma como ela se relaciona com seu capital humano, ou seja, seus colaboradores. Nesse sentido, o exerc\u00edcio da responsabilidade e a ado\u00e7\u00e3o de boas pr\u00e1ticas passa tamb\u00e9m pelos funcion\u00e1rios, n\u00e3o somente introduzindo mudan\u00e7as na sua rotina de trabalho, como tamb\u00e9m oferecendo-lhes melhores condi\u00e7\u00f5es e remunera\u00e7\u00f5es mais justas.<\/p>\n\n\n\n<p>Atitudes assim colaboram para a cria\u00e7\u00e3o de um ambiente de trabalho mais saud\u00e1vel, em que h\u00e1 uma rela\u00e7\u00e3o justa e harm\u00f4nica entre todos. Esses fatores impactam diretamente no engajamento dos colaboradores, na sua produtividade e, consequentemente, nos resultados da empresa.<\/p>\n\n\n\n<h2 class=\"wp-block-heading\">Ter acesso a recursos financeiros<\/h2>\n\n\n\n<p>Muitos financiamentos e aportes financeiros, de origem p\u00fablica e privada, t\u00eam como requisito de acesso a exist\u00eancia de pr\u00e1ticas sustent\u00e1veis \u2013 associados tamb\u00e9m a responsabilidade social e ambiental. Mesmo quando n\u00e3o est\u00e3o claramente descritas, tais exig\u00eancias s\u00e3o desej\u00e1veis, j\u00e1 que podem atuar como diferencial.<\/p>\n\n\n\n<p>H\u00e1 tamb\u00e9m fontes que exigem que parte do recurso captado seja destinado para neg\u00f3cios que gerem impacto social e ambiental positivo, <a href=\"http:\/\/www.bndes.gov.br\/wps\/portal\/site\/home\/financiamento\/financiamentos\" target=\"_blank\" rel=\"noreferrer noopener\">a exemplo das linhas de Subcr\u00e9dito Social do BNDES<\/a>.<\/p>\n\n\n\n<p>Ter problemas ambientais pode ainda dificultar o acesso a cr\u00e9dito. Por isso, se sua empresa precisa ou deseja ter acesso a recursos, \u00e9 bom come\u00e7ar a atentar para a tem\u00e1tica o quanto antes.<\/p>\n\n\n\n<h2 class=\"wp-block-heading\">Visibilidade para investidores<\/h2>\n\n\n\n<p>Empresas que adotam pr\u00e1ticas de sustentabilidade s\u00e3o mais resilientes \u2013 enfrentam melhor tempos de crises \u2013 e tamb\u00e9m menos vol\u00e1teis. Em outras palavras, representam investimentos mais seguros para os investidores.<\/p>\n\n\n\n<p>De acordo com<a href=\"http:\/\/exame.abril.com.br\/seu-dinheiro\/as-vantagens-de-ser-um-investidor-do-bem\/\" target=\"_blank\" rel=\"noreferrer noopener\"> an\u00e1lise feita pela BM&amp;FBovespa<\/a>, a rentabilidade m\u00e9dia dos fundos de sustentabilidade foi superior ao Ibovespa em todos os per\u00edodos avaliados, e a volatilidade (risco) dos fundos de sustentabilidade foi inferior \u00e0 do Ibovespa em todas as compara\u00e7\u00f5es. Especialmente em tempos turbulentos e inst\u00e1veis, esta \u00e9 uma caracter\u00edsticas de peso e bastante desej\u00e1vel.<\/p>\n\n\n\n<h2 class=\"wp-block-heading\">Oportunidade de Novos Neg\u00f3cios<\/h2>\n\n\n\n<p>De acordo com<a href=\"http:\/\/cebds.org\/wp-content\/uploads\/2015\/05\/accenture.pdf\" target=\"_blank\" rel=\"noreferrer noopener\"> estudo da Accenture e do CEBDS<\/a>, R$ 150 bilh\u00f5es \u00e9 o tamanho do mercado das oportunidades futuras na \u00e1rea de sustentabilidade. Destes, R$ 20 bi est\u00e3o associados \u00e0 economia de energia el\u00e9trica e combust\u00edveis nos setores de manufatura, transportes e edifica\u00e7\u00f5es comerciais e p\u00fablicas; R$ 55 bilh\u00f5es voltados \u00e0 economia circular e modelos de neg\u00f3cios inovadores (como <em>product as a service<\/em>); R$ 18 bilh\u00f5es relacionados \u00e0 gera\u00e7\u00e3o de valor compartilhado a partir de melhor gest\u00e3o de recursos ao longo do processo de licenciamento ambiental e social de empreendimentos; R$ 52 bilh\u00f5es para gera\u00e7\u00e3o de valor compartilhado a partir da estrutura\u00e7\u00e3o efetiva de programas de desenvolvimento de fornecedores locais.<\/p>\n\n\n\n<p>Continuaremos falando sobre sustentabilidade empresarial aqui no blog. Acompanhe nossos textos e qualquer d\u00favida entre em<a href=\"http:\/\/www.certi.org.br\/pt\/comunicacao-fale-conosco\" target=\"_blank\" rel=\"noreferrer noopener\"> contato conosco<\/a>.<\/p>\n","protected":false},"excerpt":{"rendered":"<p>A responsabilidade socioambiental de uma empresa diz respeito \u00e0 sua atua\u00e7\u00e3o, abrangendo suas a\u00e7\u00f5es voltadas para o meio ambiente, para a sociedade e tamb\u00e9m para o mercado. Em nosso artigo, entenda o conceito, veja sua import\u00e2ncia e saiba por que coloc\u00e1-la em pr\u00e1tica.<\/p>\n","protected":false},"author":40,"featured_media":813,"comment_status":"open","ping_status":"closed","sticky":false,"template":"","format":"standard","meta":{"inline_featured_image":false,"footnotes":""},"categories":[2,67,49],"tags":[18,20,42,23,25,110,31,68],"class_list":["post-812","post","type-post","status-publish","format-standard","has-post-thumbnail","hentry","category-artigos","category-bioeconomia","category-empreendedorismo","tag-automotivo","tag-economia-verde","tag-eletroeletronico","tag-energia","tag-industria","tag-petroleo-gas","tag-saude","tag-tic"],"yoast_head":"<!-- This site is optimized with the Yoast SEO plugin v27.4 - https:\/\/yoast.com\/product\/yoast-seo-wordpress\/ -->\n<title>Apenas Responsabilidade Social e Ambiental bastam?<\/title>\n<meta name=\"description\" content=\"Veja o que \u00e9 responsabilidade social e ambiental, por que ela \u00e9 importante, e conhe\u00e7a exemplos e motivos para implement\u00e1-la.\" \/>\n<meta name=\"robots\" content=\"index, follow, max-snippet:-1, max-image-preview:large, max-video-preview:-1\" \/>\n<link rel=\"canonical\" href=\"https:\/\/certi.org.br\/blog\/responsabilidade-social\/\" \/>\n<meta property=\"og:locale\" content=\"en_US\" \/>\n<meta property=\"og:type\" content=\"article\" \/>\n<meta property=\"og:title\" content=\"Apenas Responsabilidade Social e Ambiental bastam?\" \/>\n<meta property=\"og:description\" content=\"Veja o que \u00e9 responsabilidade social e ambiental, por que ela \u00e9 importante, e conhe\u00e7a exemplos e motivos para implement\u00e1-la.\" \/>\n<meta property=\"og:url\" content=\"https:\/\/certi.org.br\/blog\/responsabilidade-social\/\" \/>\n<meta property=\"og:site_name\" content=\"CERTI Insights\" \/>\n<meta property=\"article:publisher\" content=\"https:\/\/www.facebook.com\/FundacaoCerti\" \/>\n<meta property=\"article:published_time\" content=\"2020-09-15T17:00:00+00:00\" \/>\n<meta property=\"article:modified_time\" content=\"2025-08-06T19:56:22+00:00\" \/>\n<meta property=\"og:image\" content=\"https:\/\/certi.org.br\/blog\/wp-content\/uploads\/2017\/09\/responsabilidade-social-1.jpg\" \/>\n\t<meta property=\"og:image:width\" content=\"1000\" \/>\n\t<meta property=\"og:image:height\" content=\"666\" \/>\n\t<meta property=\"og:image:type\" content=\"image\/jpeg\" \/>\n<meta name=\"author\" content=\"Andr\u00e9 Noronha\" \/>\n<meta name=\"twitter:card\" content=\"summary_large_image\" \/>\n<meta name=\"twitter:creator\" content=\"@FundacaoCERTI\" \/>\n<meta name=\"twitter:site\" content=\"@FundacaoCERTI\" \/>\n<meta name=\"twitter:label1\" content=\"Written by\" \/>\n\t<meta name=\"twitter:data1\" content=\"Andr\u00e9 Noronha\" \/>\n\t<meta name=\"twitter:label2\" content=\"Est. reading time\" \/>\n\t<meta name=\"twitter:data2\" content=\"11 minutes\" \/>\n<script type=\"application\/ld+json\" class=\"yoast-schema-graph\">{\"@context\":\"https:\\\/\\\/schema.org\",\"@graph\":[{\"@type\":\"Article\",\"@id\":\"https:\\\/\\\/certi.org.br\\\/blog\\\/responsabilidade-social\\\/#article\",\"isPartOf\":{\"@id\":\"https:\\\/\\\/certi.org.br\\\/blog\\\/responsabilidade-social\\\/\"},\"author\":{\"name\":\"Andr\u00e9 Noronha\",\"@id\":\"https:\\\/\\\/certi.org.br\\\/blog\\\/en\\\/#\\\/schema\\\/person\\\/b68a1feb6b0ada659d4bdf1e5e541080\"},\"headline\":\"Apenas Responsabilidade Social e Ambiental bastam?\",\"datePublished\":\"2020-09-15T17:00:00+00:00\",\"dateModified\":\"2025-08-06T19:56:22+00:00\",\"mainEntityOfPage\":{\"@id\":\"https:\\\/\\\/certi.org.br\\\/blog\\\/responsabilidade-social\\\/\"},\"wordCount\":2075,\"commentCount\":0,\"publisher\":{\"@id\":\"https:\\\/\\\/certi.org.br\\\/blog\\\/en\\\/#organization\"},\"image\":{\"@id\":\"https:\\\/\\\/certi.org.br\\\/blog\\\/responsabilidade-social\\\/#primaryimage\"},\"thumbnailUrl\":\"https:\\\/\\\/certi.org.br\\\/blog\\\/wp-content\\\/uploads\\\/2017\\\/09\\\/responsabilidade-social-1.jpg\",\"keywords\":[\"Automotivo\",\"Economia Verde\",\"Eletroeletr\u00f4nico\",\"Energia\",\"Ind\u00fastria\",\"Petr\u00f3leo &amp; G\u00e1s\",\"Sa\u00fade\",\"TIC\"],\"articleSection\":[\"Artigos\",\"Bioeconomia\",\"Empreendedorismo\"],\"inLanguage\":\"en-US\",\"potentialAction\":[{\"@type\":\"CommentAction\",\"name\":\"Comment\",\"target\":[\"https:\\\/\\\/certi.org.br\\\/blog\\\/responsabilidade-social\\\/#respond\"]}]},{\"@type\":\"WebPage\",\"@id\":\"https:\\\/\\\/certi.org.br\\\/blog\\\/responsabilidade-social\\\/\",\"url\":\"https:\\\/\\\/certi.org.br\\\/blog\\\/responsabilidade-social\\\/\",\"name\":\"Apenas Responsabilidade Social e Ambiental bastam?\",\"isPartOf\":{\"@id\":\"https:\\\/\\\/certi.org.br\\\/blog\\\/en\\\/#website\"},\"primaryImageOfPage\":{\"@id\":\"https:\\\/\\\/certi.org.br\\\/blog\\\/responsabilidade-social\\\/#primaryimage\"},\"image\":{\"@id\":\"https:\\\/\\\/certi.org.br\\\/blog\\\/responsabilidade-social\\\/#primaryimage\"},\"thumbnailUrl\":\"https:\\\/\\\/certi.org.br\\\/blog\\\/wp-content\\\/uploads\\\/2017\\\/09\\\/responsabilidade-social-1.jpg\",\"datePublished\":\"2020-09-15T17:00:00+00:00\",\"dateModified\":\"2025-08-06T19:56:22+00:00\",\"description\":\"Veja o que \u00e9 responsabilidade social e ambiental, por que ela \u00e9 importante, e conhe\u00e7a exemplos e motivos para implement\u00e1-la.\",\"breadcrumb\":{\"@id\":\"https:\\\/\\\/certi.org.br\\\/blog\\\/responsabilidade-social\\\/#breadcrumb\"},\"inLanguage\":\"en-US\",\"potentialAction\":[{\"@type\":\"ReadAction\",\"target\":[\"https:\\\/\\\/certi.org.br\\\/blog\\\/responsabilidade-social\\\/\"]}]},{\"@type\":\"ImageObject\",\"inLanguage\":\"en-US\",\"@id\":\"https:\\\/\\\/certi.org.br\\\/blog\\\/responsabilidade-social\\\/#primaryimage\",\"url\":\"https:\\\/\\\/certi.org.br\\\/blog\\\/wp-content\\\/uploads\\\/2017\\\/09\\\/responsabilidade-social-1.jpg\",\"contentUrl\":\"https:\\\/\\\/certi.org.br\\\/blog\\\/wp-content\\\/uploads\\\/2017\\\/09\\\/responsabilidade-social-1.jpg\",\"width\":1000,\"height\":666},{\"@type\":\"BreadcrumbList\",\"@id\":\"https:\\\/\\\/certi.org.br\\\/blog\\\/responsabilidade-social\\\/#breadcrumb\",\"itemListElement\":[{\"@type\":\"ListItem\",\"position\":1,\"name\":\"In\u00edcio\",\"item\":\"https:\\\/\\\/certi.org.br\\\/blog\\\/\"},{\"@type\":\"ListItem\",\"position\":2,\"name\":\"Apenas Responsabilidade Social e Ambiental bastam?\"}]},{\"@type\":\"WebSite\",\"@id\":\"https:\\\/\\\/certi.org.br\\\/blog\\\/en\\\/#website\",\"url\":\"https:\\\/\\\/certi.org.br\\\/blog\\\/en\\\/\",\"name\":\"CERTI Insights\",\"description\":\"\",\"publisher\":{\"@id\":\"https:\\\/\\\/certi.org.br\\\/blog\\\/en\\\/#organization\"},\"potentialAction\":[{\"@type\":\"SearchAction\",\"target\":{\"@type\":\"EntryPoint\",\"urlTemplate\":\"https:\\\/\\\/certi.org.br\\\/blog\\\/en\\\/?s={search_term_string}\"},\"query-input\":{\"@type\":\"PropertyValueSpecification\",\"valueRequired\":true,\"valueName\":\"search_term_string\"}}],\"inLanguage\":\"en-US\"},{\"@type\":\"Organization\",\"@id\":\"https:\\\/\\\/certi.org.br\\\/blog\\\/en\\\/#organization\",\"name\":\"Funda\u00e7\u00e3o CERTI\",\"url\":\"https:\\\/\\\/certi.org.br\\\/blog\\\/en\\\/\",\"logo\":{\"@type\":\"ImageObject\",\"inLanguage\":\"en-US\",\"@id\":\"https:\\\/\\\/certi.org.br\\\/blog\\\/en\\\/#\\\/schema\\\/logo\\\/image\\\/\",\"url\":\"https:\\\/\\\/certi.org.br\\\/blog\\\/wp-content\\\/uploads\\\/2019\\\/09\\\/certi-foundation.png\",\"contentUrl\":\"https:\\\/\\\/certi.org.br\\\/blog\\\/wp-content\\\/uploads\\\/2019\\\/09\\\/certi-foundation.png\",\"width\":240,\"height\":95,\"caption\":\"Funda\u00e7\u00e3o CERTI\"},\"image\":{\"@id\":\"https:\\\/\\\/certi.org.br\\\/blog\\\/en\\\/#\\\/schema\\\/logo\\\/image\\\/\"},\"sameAs\":[\"https:\\\/\\\/www.facebook.com\\\/FundacaoCerti\",\"https:\\\/\\\/x.com\\\/FundacaoCERTI\",\"https:\\\/\\\/www.instagram.com\\\/fundacaocerti\\\/\",\"https:\\\/\\\/www.linkedin.com\\\/company\\\/fundacao-certi\\\/\"]},{\"@type\":\"Person\",\"@id\":\"https:\\\/\\\/certi.org.br\\\/blog\\\/en\\\/#\\\/schema\\\/person\\\/b68a1feb6b0ada659d4bdf1e5e541080\",\"name\":\"Andr\u00e9 Noronha\",\"description\":\"\u2022 Mais textos do autor\u00a0 \u00a0 \u2022 Related Articles \u00a0 \u00a0 \u2022 Linkedin\",\"url\":\"https:\\\/\\\/certi.org.br\\\/blog\\\/author\\\/andre-noronha\\\/\"}]}<\/script>\n<!-- \/ Yoast SEO plugin. -->","yoast_head_json":{"title":"Apenas Responsabilidade Social e Ambiental bastam?","description":"Veja o que \u00e9 responsabilidade social e ambiental, por que ela \u00e9 importante, e conhe\u00e7a exemplos e motivos para implement\u00e1-la.","robots":{"index":"index","follow":"follow","max-snippet":"max-snippet:-1","max-image-preview":"max-image-preview:large","max-video-preview":"max-video-preview:-1"},"canonical":"https:\/\/certi.org.br\/blog\/responsabilidade-social\/","og_locale":"en_US","og_type":"article","og_title":"Apenas Responsabilidade Social e Ambiental bastam?","og_description":"Veja o que \u00e9 responsabilidade social e ambiental, por que ela \u00e9 importante, e conhe\u00e7a exemplos e motivos para implement\u00e1-la.","og_url":"https:\/\/certi.org.br\/blog\/responsabilidade-social\/","og_site_name":"CERTI Insights","article_publisher":"https:\/\/www.facebook.com\/FundacaoCerti","article_published_time":"2020-09-15T17:00:00+00:00","article_modified_time":"2025-08-06T19:56:22+00:00","og_image":[{"width":1000,"height":666,"url":"https:\/\/certi.org.br\/blog\/wp-content\/uploads\/2017\/09\/responsabilidade-social-1.jpg","type":"image\/jpeg"}],"author":"Andr\u00e9 Noronha","twitter_card":"summary_large_image","twitter_creator":"@FundacaoCERTI","twitter_site":"@FundacaoCERTI","twitter_misc":{"Written by":"Andr\u00e9 Noronha","Est. reading time":"11 minutes"},"schema":{"@context":"https:\/\/schema.org","@graph":[{"@type":"Article","@id":"https:\/\/certi.org.br\/blog\/responsabilidade-social\/#article","isPartOf":{"@id":"https:\/\/certi.org.br\/blog\/responsabilidade-social\/"},"author":{"name":"Andr\u00e9 Noronha","@id":"https:\/\/certi.org.br\/blog\/en\/#\/schema\/person\/b68a1feb6b0ada659d4bdf1e5e541080"},"headline":"Apenas Responsabilidade Social e Ambiental bastam?","datePublished":"2020-09-15T17:00:00+00:00","dateModified":"2025-08-06T19:56:22+00:00","mainEntityOfPage":{"@id":"https:\/\/certi.org.br\/blog\/responsabilidade-social\/"},"wordCount":2075,"commentCount":0,"publisher":{"@id":"https:\/\/certi.org.br\/blog\/en\/#organization"},"image":{"@id":"https:\/\/certi.org.br\/blog\/responsabilidade-social\/#primaryimage"},"thumbnailUrl":"https:\/\/certi.org.br\/blog\/wp-content\/uploads\/2017\/09\/responsabilidade-social-1.jpg","keywords":["Automotivo","Economia Verde","Eletroeletr\u00f4nico","Energia","Ind\u00fastria","Petr\u00f3leo &amp; G\u00e1s","Sa\u00fade","TIC"],"articleSection":["Artigos","Bioeconomia","Empreendedorismo"],"inLanguage":"en-US","potentialAction":[{"@type":"CommentAction","name":"Comment","target":["https:\/\/certi.org.br\/blog\/responsabilidade-social\/#respond"]}]},{"@type":"WebPage","@id":"https:\/\/certi.org.br\/blog\/responsabilidade-social\/","url":"https:\/\/certi.org.br\/blog\/responsabilidade-social\/","name":"Apenas Responsabilidade Social e Ambiental bastam?","isPartOf":{"@id":"https:\/\/certi.org.br\/blog\/en\/#website"},"primaryImageOfPage":{"@id":"https:\/\/certi.org.br\/blog\/responsabilidade-social\/#primaryimage"},"image":{"@id":"https:\/\/certi.org.br\/blog\/responsabilidade-social\/#primaryimage"},"thumbnailUrl":"https:\/\/certi.org.br\/blog\/wp-content\/uploads\/2017\/09\/responsabilidade-social-1.jpg","datePublished":"2020-09-15T17:00:00+00:00","dateModified":"2025-08-06T19:56:22+00:00","description":"Veja o que \u00e9 responsabilidade social e ambiental, por que ela \u00e9 importante, e conhe\u00e7a exemplos e motivos para implement\u00e1-la.","breadcrumb":{"@id":"https:\/\/certi.org.br\/blog\/responsabilidade-social\/#breadcrumb"},"inLanguage":"en-US","potentialAction":[{"@type":"ReadAction","target":["https:\/\/certi.org.br\/blog\/responsabilidade-social\/"]}]},{"@type":"ImageObject","inLanguage":"en-US","@id":"https:\/\/certi.org.br\/blog\/responsabilidade-social\/#primaryimage","url":"https:\/\/certi.org.br\/blog\/wp-content\/uploads\/2017\/09\/responsabilidade-social-1.jpg","contentUrl":"https:\/\/certi.org.br\/blog\/wp-content\/uploads\/2017\/09\/responsabilidade-social-1.jpg","width":1000,"height":666},{"@type":"BreadcrumbList","@id":"https:\/\/certi.org.br\/blog\/responsabilidade-social\/#breadcrumb","itemListElement":[{"@type":"ListItem","position":1,"name":"In\u00edcio","item":"https:\/\/certi.org.br\/blog\/"},{"@type":"ListItem","position":2,"name":"Apenas Responsabilidade Social e Ambiental bastam?"}]},{"@type":"WebSite","@id":"https:\/\/certi.org.br\/blog\/en\/#website","url":"https:\/\/certi.org.br\/blog\/en\/","name":"CERTI Insights","description":"","publisher":{"@id":"https:\/\/certi.org.br\/blog\/en\/#organization"},"potentialAction":[{"@type":"SearchAction","target":{"@type":"EntryPoint","urlTemplate":"https:\/\/certi.org.br\/blog\/en\/?s={search_term_string}"},"query-input":{"@type":"PropertyValueSpecification","valueRequired":true,"valueName":"search_term_string"}}],"inLanguage":"en-US"},{"@type":"Organization","@id":"https:\/\/certi.org.br\/blog\/en\/#organization","name":"Funda\u00e7\u00e3o CERTI","url":"https:\/\/certi.org.br\/blog\/en\/","logo":{"@type":"ImageObject","inLanguage":"en-US","@id":"https:\/\/certi.org.br\/blog\/en\/#\/schema\/logo\/image\/","url":"https:\/\/certi.org.br\/blog\/wp-content\/uploads\/2019\/09\/certi-foundation.png","contentUrl":"https:\/\/certi.org.br\/blog\/wp-content\/uploads\/2019\/09\/certi-foundation.png","width":240,"height":95,"caption":"Funda\u00e7\u00e3o CERTI"},"image":{"@id":"https:\/\/certi.org.br\/blog\/en\/#\/schema\/logo\/image\/"},"sameAs":["https:\/\/www.facebook.com\/FundacaoCerti","https:\/\/x.com\/FundacaoCERTI","https:\/\/www.instagram.com\/fundacaocerti\/","https:\/\/www.linkedin.com\/company\/fundacao-certi\/"]},{"@type":"Person","@id":"https:\/\/certi.org.br\/blog\/en\/#\/schema\/person\/b68a1feb6b0ada659d4bdf1e5e541080","name":"Andr\u00e9 Noronha","description":"\u2022 Mais textos do autor\u00a0 \u00a0 \u2022 Related Articles \u00a0 \u00a0 \u2022 Linkedin","url":"https:\/\/certi.org.br\/blog\/author\/andre-noronha\/"}]}},"amp_enabled":true,"_links":{"self":[{"href":"https:\/\/certi.org.br\/blog\/wp-json\/wp\/v2\/posts\/812","targetHints":{"allow":["GET"]}}],"collection":[{"href":"https:\/\/certi.org.br\/blog\/wp-json\/wp\/v2\/posts"}],"about":[{"href":"https:\/\/certi.org.br\/blog\/wp-json\/wp\/v2\/types\/post"}],"author":[{"embeddable":true,"href":"https:\/\/certi.org.br\/blog\/wp-json\/wp\/v2\/users\/40"}],"replies":[{"embeddable":true,"href":"https:\/\/certi.org.br\/blog\/wp-json\/wp\/v2\/comments?post=812"}],"version-history":[{"count":1,"href":"https:\/\/certi.org.br\/blog\/wp-json\/wp\/v2\/posts\/812\/revisions"}],"predecessor-version":[{"id":7839,"href":"https:\/\/certi.org.br\/blog\/wp-json\/wp\/v2\/posts\/812\/revisions\/7839"}],"wp:featuredmedia":[{"embeddable":true,"href":"https:\/\/certi.org.br\/blog\/wp-json\/wp\/v2\/media\/813"}],"wp:attachment":[{"href":"https:\/\/certi.org.br\/blog\/wp-json\/wp\/v2\/media?parent=812"}],"wp:term":[{"taxonomy":"category","embeddable":true,"href":"https:\/\/certi.org.br\/blog\/wp-json\/wp\/v2\/categories?post=812"},{"taxonomy":"post_tag","embeddable":true,"href":"https:\/\/certi.org.br\/blog\/wp-json\/wp\/v2\/tags?post=812"}],"curies":[{"name":"wp","href":"https:\/\/api.w.org\/{rel}","templated":true}]}}